 {"id":36704,"date":"2024-08-08T09:30:11","date_gmt":"2024-08-08T12:30:11","guid":{"rendered":"https:\/\/portalmidia.net\/?p=36704"},"modified":"2024-08-08T09:30:11","modified_gmt":"2024-08-08T12:30:11","slug":"crm-pb-abre-sindicancia-para-apurar-caso-de-medico-suspeito-de-estuprar-menina-de-9-anos-em-consulta","status":"publish","type":"post","link":"https:\/\/portalmidia.net\/index.php\/2024\/08\/08\/crm-pb-abre-sindicancia-para-apurar-caso-de-medico-suspeito-de-estuprar-menina-de-9-anos-em-consulta\/","title":{"rendered":"CRM-PB abre sindic\u00e2ncia para apurar caso de m\u00e9dico suspeito de estuprar menina de 9 anos em consulta"},"content":{"rendered":"<div id=\"chunk-af22m\">\n<div class=\"mc-column content-text active-extra-styles \" data-block-type=\"unstyled\" data-block-weight=\"55\" data-block-id=\"2\">\n<p class=\" content-text__container \" style=\"text-align: justify;\" data-track-category=\"Link no Texto\" data-track-links=\"\" data-mrf-recirculation=\"Article links\">O Conselho Regional de Medicina (CRM-PB) abriu, nesta quarta-feira (7), uma sindic\u00e2ncia sobre o caso do<a class=\"\" href=\"https:\/\/g1.globo.com\/pb\/paraiba\/noticia\/2024\/08\/06\/medico-pediatra-e-suspeito-de-estuprar-menina-de-9-anos-durante-consulta-na-pb.ghtml\" data-mrf-link=\"https:\/\/g1.globo.com\/pb\/paraiba\/noticia\/2024\/08\/06\/medico-pediatra-e-suspeito-de-estuprar-menina-de-9-anos-durante-consulta-na-pb.ghtml\"><strong>\u00a0m\u00e9dico pediatra suspeito de estuprar uma menina de 9 anos durante consulta<\/strong><\/a>, em\u00a0<a class=\"\" href=\"https:\/\/g1.globo.com\/pb\/paraiba\/cidade\/joao-pessoa\/\" data-mrf-link=\"https:\/\/g1.globo.com\/pb\/paraiba\/cidade\/joao-pessoa\/\">Jo\u00e3o Pessoa<\/a>. Segundo o presidente, Bruno Leandro, \u00e0 TV Cabo Branco, o conselho recebeu uma den\u00fancia formal, por meio do advogado da fam\u00edlia da v\u00edtima.<\/p>\n<\/div>\n<\/div>\n<div class=\"wall protected-content\" style=\"text-align: justify;\">\n<div id=\"chunk-b7e88\">\n<div class=\"mc-column content-text active-extra-styles \" data-block-type=\"unstyled\" data-block-weight=\"26\" data-block-id=\"4\">\n<p class=\" content-text__container \" data-track-category=\"Link no Texto\" data-track-links=\"\" data-mrf-recirculation=\"Article links\">Ainda conforme informa\u00e7\u00f5es do presidente do CRM-PB, as sindic\u00e2ncias normalmente demoram 90 dias em fase de apura\u00e7\u00e3o, mas, pela gravidade da den\u00fancia, haver\u00e1 uma celeridade.<\/p>\n<\/div>\n<\/div>\n<div id=\"chunk-8q8kc\">\n<div class=\"mc-column content-text active-extra-styles \" data-block-type=\"unstyled\" data-block-weight=\"28\" data-block-id=\"5\">\n<p class=\" content-text__container \" data-track-category=\"Link no Texto\" data-track-links=\"\" data-mrf-recirculation=\"Article links\">&#8220;Dando amplo direito de defesa, a gente pretende de uma forma c\u00e9lere concluir at\u00e9 para que d\u00ea uma resposta a todos que tem interesse&#8221;, disse Bruno Leandro.<\/p>\n<\/div>\n<\/div>\n<div id=\"chunk-9m0r9\">\n<div class=\"content-ads content-ads--reveal\" data-block-type=\"ads\" data-block-id=\"6\"><\/div>\n<\/div>\n<div id=\"chunk-6eeog\">\n<div class=\"mc-column content-text active-extra-styles\" data-block-type=\"raw\" data-block-weight=\"2\" data-block-id=\"7\">\n<p class=\"content-text__container\" data-mrf-recirculation=\"Article links\">\n<div class=\"content-intertitle\">\n<h2>A den\u00fancia<\/h2>\n<\/div>\n<p>&nbsp;<\/p>\n<\/div>\n<\/div>\n<div id=\"chunk-298ph\">\n<div class=\"mc-column content-text active-extra-styles \" data-block-type=\"unstyled\" data-block-weight=\"43\" data-block-id=\"8\">\n<p class=\" content-text__container \" data-track-category=\"Link no Texto\" data-track-links=\"\" data-mrf-recirculation=\"Article links\">De acordo a Pol\u00edcia Civil, a v\u00edtima estava em uma consulta de rotina com o m\u00e9dico no dia 25 de julho, quando a m\u00e3e flagrou a viol\u00eancia sexual. A investiga\u00e7\u00e3o est\u00e1 em segredo de justi\u00e7a e o nome do m\u00e9dico n\u00e3o foi divulgado.<\/p>\n<\/div>\n<\/div>\n<div id=\"chunk-cebub\">\n<div class=\"mc-column content-text active-extra-styles \" data-block-type=\"unstyled\" data-block-weight=\"56\" data-block-id=\"9\">\n<p class=\" content-text__container \" data-track-category=\"Link no Texto\" data-track-links=\"\" data-mrf-recirculation=\"Article links\">Em entrevista \u00e0 TV Cabo Branco, a m\u00e3e da v\u00edtima contou que estava com as duas filhas no consult\u00f3rio do m\u00e9dico. Ela afirma que transcrevia uma receita de rem\u00e9dios, enquanto o m\u00e9dico estava no outro lado do consult\u00f3rio brincando com a filha ca\u00e7ula dela no colo e, ao mesmo tempo, abusando da menina de 9 anos.<\/p>\n<\/div>\n<\/div>\n<div id=\"chunk-6aoiu\">\n<div class=\"mc-column content-text active-extra-styles \" data-block-type=\"unstyled\" data-block-weight=\"50\" data-block-id=\"10\">\n<p class=\" content-text__container \" data-track-category=\"Link no Texto\" data-track-links=\"\" data-mrf-recirculation=\"Article links\">A m\u00e3e afirma que quando terminou de transcrever a receita, ela se levantou e se direcionou para a frente da maca e se deparou com o m\u00e9dico tocando as partes \u00edntimas da crian\u00e7a. A mulher contou que retirou a filha do local, foi at\u00e9 a delegacia e registrou a den\u00fancia.<\/p>\n<\/div>\n<\/div>\n<div id=\"chunk-1dfuk\">\n<div class=\"mc-column content-text active-extra-styles\" data-block-type=\"raw\" data-block-weight=\"42\" data-block-id=\"11\">\n<p class=\"content-text__container\" data-mrf-recirculation=\"Article links\">\n<blockquote class=\"content-blockquote theme-border-color-primary-before\"><p>\u201cEu tinha uma confian\u00e7a absurda nele. Minha filha est\u00e1 com ele (sendo atendida) desde que nasceu praticamente. Ele j\u00e1 era m\u00e9dico da fam\u00edlia do meu marido e eu divulgava para todas as m\u00e3es. Eu dizia que s\u00f3 confiava nele\u201d, afirmou a m\u00e3e.<\/p><\/blockquote>\n<p>&nbsp;<\/p>\n<\/div>\n<\/div>\n<div id=\"chunk-ah106\">\n<div class=\"mc-column content-text active-extra-styles \" data-block-type=\"unstyled\" data-block-weight=\"60\" data-block-id=\"12\">\n<p class=\" content-text__container \" data-track-category=\"Link no Texto\" data-track-links=\"\" data-mrf-recirculation=\"Article links\">O superintendente da Pol\u00edcia Civil em Jo\u00e3o Pessoa, Cristiano Santana, explica que foram solicitados exames e come\u00e7aram a colher os depoimentos de testemunhas. O depoimento do m\u00e9dico estava marcado para o dia 1 de julho, mas ele apresentou um atestado e ser\u00e1 ouvido em uma nova data, ainda nesta semana. Segundo o delegado, o homem n\u00e3o responde por outros crimes.<\/p>\n<\/div>\n<\/div>\n<div id=\"chunk-49an5\">\n<div class=\"content-ads content-ads--reveal\" data-block-type=\"ads\" data-block-id=\"13\"><\/div>\n<\/div>\n<div id=\"chunk-fk9nh\">\n<div class=\"mc-column content-text active-extra-styles \" data-block-type=\"unstyled\" data-block-weight=\"44\" data-block-id=\"14\">\n<p class=\" content-text__container \" data-track-category=\"Link no Texto\" data-track-links=\"\" data-mrf-recirculation=\"Article links\">\u201cO objetivo tamb\u00e9m de aprofundarmos as investiga\u00e7\u00f5es, al\u00e9m de robustecer a den\u00fancia espec\u00edfica, \u00e9 verificar se h\u00e1 outras v\u00edtimas. Caso existam outras v\u00edtimas desse profissional, que procurem a Delegacia de Repress\u00e3o aos Crimes contra a Inf\u00e2ncia da capital, localizada no Centro\u201d, afirmou Cristiano Santana.<\/p>\n<\/div>\n<\/div>\n<\/div>\n<p style=\"text-align: justify;\" data-track-category=\"Link no Texto\" data-track-links=\"\" data-mrf-recirculation=\"Article links\">\n<p style=\"text-align: justify;\" data-track-category=\"Link no Texto\" data-track-links=\"\" data-mrf-recirculation=\"Article links\">\n<p style=\"text-align: justify;\" data-track-category=\"Link no Texto\" data-track-links=\"\" data-mrf-recirculation=\"Article links\">\n<p style=\"text-align: justify;\" data-track-category=\"Link no Texto\" data-track-links=\"\" data-mrf-recirculation=\"Article links\">\n<p style=\"text-align: justify;\" data-track-category=\"Link no Texto\" data-track-links=\"\" data-mrf-recirculation=\"Article links\">\n<p style=\"text-align: justify;\" data-track-category=\"Link no Texto\" data-track-links=\"\" data-mrf-recirculation=\"Article links\">G1<\/p>\n","protected":false},"excerpt":{"rendered":"<p>O Conselho Regional de Medicina (CRM-PB) abriu, nesta quarta-feira (7), uma sindic\u00e2ncia sobre o caso do\u00a0m\u00e9dico pediatra suspeito de estuprar uma menina de 9 anos durante consulta, em\u00a0Jo\u00e3o Pessoa. Segundo o presidente, Bruno Leandro, \u00e0 TV Cabo Branco, o conselho recebeu uma den\u00fancia formal, por meio do advogado da fam\u00edlia da v\u00edtima. Ainda conforme informa\u00e7\u00f5es<\/p>\n","protected":false},"author":1,"featured_media":36708,"comment_status":"open","ping_status":"open","sticky":false,"template":"","format":"standard","meta":{"_eb_attr":"","footnotes":""},"categories":[7,2],"tags":[],"class_list":["post-36704","post","type-post","status-publish","format-standard","has-post-thumbnail","hentry","category-destaque","category-policial"],"_links":{"self":[{"href":"https:\/\/portalmidia.net\/index.php\/wp-json\/wp\/v2\/posts\/36704","targetHints":{"allow":["GET"]}}],"collection":[{"href":"https:\/\/portalmidia.net\/index.php\/wp-json\/wp\/v2\/posts"}],"about":[{"href":"https:\/\/portalmidia.net\/index.php\/wp-json\/wp\/v2\/types\/post"}],"author":[{"embeddable":true,"href":"https:\/\/portalmidia.net\/index.php\/wp-json\/wp\/v2\/users\/1"}],"replies":[{"embeddable":true,"href":"https:\/\/portalmidia.net\/index.php\/wp-json\/wp\/v2\/comments?post=36704"}],"version-history":[{"count":1,"href":"https:\/\/portalmidia.net\/index.php\/wp-json\/wp\/v2\/posts\/36704\/revisions"}],"predecessor-version":[{"id":36709,"href":"https:\/\/portalmidia.net\/index.php\/wp-json\/wp\/v2\/posts\/36704\/revisions\/36709"}],"wp:featuredmedia":[{"embeddable":true,"href":"https:\/\/portalmidia.net\/index.php\/wp-json\/wp\/v2\/media\/36708"}],"wp:attachment":[{"href":"https:\/\/portalmidia.net\/index.php\/wp-json\/wp\/v2\/media?parent=36704"}],"wp:term":[{"taxonomy":"category","embeddable":true,"href":"https:\/\/portalmidia.net\/index.php\/wp-json\/wp\/v2\/categories?post=36704"},{"taxonomy":"post_tag","embeddable":true,"href":"https:\/\/portalmidia.net\/index.php\/wp-json\/wp\/v2\/tags?post=36704"}],"curies":[{"name":"wp","href":"https:\/\/api.w.org\/{rel}","templated":true}]}}