 {"id":37091,"date":"2024-08-15T08:09:20","date_gmt":"2024-08-15T11:09:20","guid":{"rendered":"https:\/\/portalmidia.net\/?p=37091"},"modified":"2024-08-15T08:09:20","modified_gmt":"2024-08-15T11:09:20","slug":"alexandre-de-moraes-reafirma-legalidade-de-atos-no-tse","status":"publish","type":"post","link":"https:\/\/portalmidia.net\/index.php\/2024\/08\/15\/alexandre-de-moraes-reafirma-legalidade-de-atos-no-tse\/","title":{"rendered":"Alexandre de Moraes reafirma legalidade de atos no TSE"},"content":{"rendered":"<p style=\"text-align: justify;\">\n<p style=\"text-align: justify;\">O ministro Alexandre de Moraes, do Supremo Tribunal Federal (STF), reafirmou nesta quarta-feira (14) a legalidade da requisi\u00e7\u00e3o de informa\u00e7\u00f5es durante o per\u00edodo em que presidiu o Tribunal Superior Eleitoral (TSE).<img decoding=\"async\" src=\"https:\/\/agenciabrasil.ebc.com.br\/ebc.png?id=1607908&amp;o=node\" \/><img decoding=\"async\" src=\"https:\/\/agenciabrasil.ebc.com.br\/ebc.gif?id=1607908&amp;o=node\" \/><\/p>\n<p style=\"text-align: justify;\">Nessa ter\u00e7a-feira\u00a0(13), o jornal\u00a0<em>Folha de S.Paulo<\/em>\u00a0publicou uma reportagem na qual acusa Moraes de usar &#8220;formas n\u00e3o oficiais&#8221; para determinar a produ\u00e7\u00e3o de informa\u00e7\u00f5es para investigar aliados do ex-presidente Jair Bolsonaro durante as elei\u00e7\u00f5es de 2022, per\u00edodo em que o ministro foi presidente do TSE.<\/p>\n<p style=\"text-align: justify;\">Durante a sess\u00e3o de hoje do STF, Alexandre de Moraes disse que todos os procedimentos estavam relacionados \u00e0 reitera\u00e7\u00e3o de atos il\u00edcitos de investigados pela Corte nos inqu\u00e9ritos sobre a atua\u00e7\u00e3o de mil\u00edcias digitais e dissemina\u00e7\u00e3o de\u00a0<em>fake news<\/em>.<\/p>\n<p style=\"text-align: justify;\">&#8220;Nenhuma das mat\u00e9rias preocupa o meu gabinete, me preocupa ou a lisura de nenhum dos procedimentos&#8221;, declarou.<\/p>\n<p style=\"text-align: justify;\">O ministro tamb\u00e9m justificou que as requisi\u00e7\u00f5es das informa\u00e7\u00f5es dos perfis dos acusados nas redes sociais eram necess\u00e1rias para preservar as provas. Moraes citou que as postagens incentivaram golpe de Estado, atos contra a democracia e amea\u00e7as contra membros da Corte.<\/p>\n<p style=\"text-align: justify;\">&#8220;N\u00e3o h\u00e1 nada a esconder. Todos os documentos oficiais juntados, a investiga\u00e7\u00e3o correndo pela Pol\u00edcia Federal. Todos eram investigados previamente, e a procuradoria [estava] acompanhando&#8221;, completou.<\/p>\n<p style=\"text-align: justify;\">Durante a sess\u00e3o, Moraes tamb\u00e9m recebeu o\u00a0apoio dos ministros Lu\u00eds Roberto Barroso e Gilmar Mendes.<\/p>\n<p style=\"text-align: justify;\">Barroso classificou a situa\u00e7\u00e3o de\u00a0&#8220;tempestade fict\u00edcia&#8221; e disse que os dados solicitados por Alexandre de Moraes eram p\u00fablicos, estavam nas redes socais\u00a0e se referiam a pessoas que s\u00e3o investigadas pela Corte.<\/p>\n<p style=\"text-align: justify;\">Mendes tamb\u00e9m defendeu a atua\u00e7\u00e3o de Moraes e disse que o ministro \u00e9 alvo de &#8220;cr\u00edticas infundadas&#8221; sobre sua atua\u00e7\u00e3o.<\/p>\n<p style=\"text-align: justify;\">\n<p style=\"text-align: justify;\">\n<p style=\"text-align: justify;\">\n<p style=\"text-align: justify;\">\n<p style=\"text-align: justify;\">\n<p style=\"text-align: justify;\">\n<p style=\"text-align: justify;\">agenciabrasil<\/p>\n","protected":false},"excerpt":{"rendered":"<p>O ministro Alexandre de Moraes, do Supremo Tribunal Federal (STF), reafirmou nesta quarta-feira (14) a legalidade da requisi\u00e7\u00e3o de informa\u00e7\u00f5es durante o per\u00edodo em que presidiu o Tribunal Superior Eleitoral (TSE). Nessa ter\u00e7a-feira\u00a0(13), o jornal\u00a0Folha de S.Paulo\u00a0publicou uma reportagem na qual acusa Moraes de usar &#8220;formas n\u00e3o oficiais&#8221; para determinar a produ\u00e7\u00e3o de informa\u00e7\u00f5es para<\/p>\n","protected":false},"author":1,"featured_media":37094,"comment_status":"open","ping_status":"open","sticky":false,"template":"","format":"standard","meta":{"_eb_attr":"","footnotes":""},"categories":[7,3],"tags":[],"class_list":["post-37091","post","type-post","status-publish","format-standard","has-post-thumbnail","hentry","category-destaque","category-politica"],"_links":{"self":[{"href":"https:\/\/portalmidia.net\/index.php\/wp-json\/wp\/v2\/posts\/37091","targetHints":{"allow":["GET"]}}],"collection":[{"href":"https:\/\/portalmidia.net\/index.php\/wp-json\/wp\/v2\/posts"}],"about":[{"href":"https:\/\/portalmidia.net\/index.php\/wp-json\/wp\/v2\/types\/post"}],"author":[{"embeddable":true,"href":"https:\/\/portalmidia.net\/index.php\/wp-json\/wp\/v2\/users\/1"}],"replies":[{"embeddable":true,"href":"https:\/\/portalmidia.net\/index.php\/wp-json\/wp\/v2\/comments?post=37091"}],"version-history":[{"count":1,"href":"https:\/\/portalmidia.net\/index.php\/wp-json\/wp\/v2\/posts\/37091\/revisions"}],"predecessor-version":[{"id":37095,"href":"https:\/\/portalmidia.net\/index.php\/wp-json\/wp\/v2\/posts\/37091\/revisions\/37095"}],"wp:featuredmedia":[{"embeddable":true,"href":"https:\/\/portalmidia.net\/index.php\/wp-json\/wp\/v2\/media\/37094"}],"wp:attachment":[{"href":"https:\/\/portalmidia.net\/index.php\/wp-json\/wp\/v2\/media?parent=37091"}],"wp:term":[{"taxonomy":"category","embeddable":true,"href":"https:\/\/portalmidia.net\/index.php\/wp-json\/wp\/v2\/categories?post=37091"},{"taxonomy":"post_tag","embeddable":true,"href":"https:\/\/portalmidia.net\/index.php\/wp-json\/wp\/v2\/tags?post=37091"}],"curies":[{"name":"wp","href":"https:\/\/api.w.org\/{rel}","templated":true}]}}