 {"id":37697,"date":"2024-08-23T08:51:18","date_gmt":"2024-08-23T11:51:18","guid":{"rendered":"https:\/\/portalmidia.net\/?p=37697"},"modified":"2024-08-23T08:51:18","modified_gmt":"2024-08-23T11:51:18","slug":"na-uti-causa-do-desmaio-de-zagueiro-do-nacional-uru-e-revelada","status":"publish","type":"post","link":"https:\/\/portalmidia.net\/index.php\/2024\/08\/23\/na-uti-causa-do-desmaio-de-zagueiro-do-nacional-uru-e-revelada\/","title":{"rendered":"Na UTI, causa do desmaio de zagueiro do Nacional-URU \u00e9 revelada"},"content":{"rendered":"<p style=\"text-align: justify;\">Internado na UTI do Hospital Albert Einstein, do Morumbi, em S\u00e3o Paulo, desde a noite de quinta-feira (22\/8), a causa do desmaio do zagueiro do Nacional-URU\u00a0<a href=\"https:\/\/www.instagram.com\/juanizquierdo97\/\" target=\"_blank\" rel=\"noopener\">Juan Izquierdo<\/a>, de 27 anos, foi revelada.<\/p>\n<div class=\"m-banner-wrap m-banner-rectangle m-publicity-content-middle\" style=\"text-align: justify;\"><\/div>\n<p style=\"text-align: justify;\" data-gtm-vis-recent-on-screen104869357_94=\"61025\" data-gtm-vis-first-on-screen104869357_94=\"61025\" data-gtm-vis-total-visible-time104869357_94=\"100\" data-gtm-vis-has-fired104869357_94=\"1\">De acordo com o site do Globo Esporte, o clube do rapaz emitiu um comunicado onde afirma que o atleta teve uma arritmia card\u00edaca, mas est\u00e1 est\u00e1vel e permanece em observa\u00e7\u00e3o.<\/p>\n<p style=\"text-align: justify;\">No fim da partida, da qual Juan Izquierdo saiu de ambul\u00e2ncia ap\u00f3s desmaiar, Alejandro Balbi, presidente do Nacional, falou com a imprensa e contou que o jogador recuperou a consci\u00eancia na ambul\u00e2ncia e perdeu novamente na chegada ao hospital. Em meio \u00e0 emerg\u00eancia, ele foi imediatamente sedado e estabilizado.<\/p>\n<div class=\"m-banner-wrap m-banner-rectangle m-publicity-content-middle\" style=\"text-align: justify;\"><\/div>\n<p style=\"text-align: justify;\">Segundo o dirigente, o rapaz nunca teve problemas card\u00edacos detectados nos exames feios pelo clube: \u201cEst\u00e1 est\u00e1vel, no CTI. Tem que esperar aproximadamente 12 horas para ver a evolu\u00e7\u00e3o, para come\u00e7ar a fazer os exames e ver se tem alguma sequela e eventualmente encontrar as causas do epis\u00f3dio que vimos que ocorreu em campo\u201d, comentou ele, ao portal do GE.<\/p>\n<p style=\"text-align: justify;\">Parte da equipe do Nacional-URU ja deixou o Brasil, na madrugada desta sexta-feira (23\/8). Mas alguns dirigentes e jogadores permaneceram em S\u00e3o Paulo para acompanhar o colega de clube na unidade de sa\u00fade. A fam\u00edlia de Juan Izquierdo deve desembarcar no Brasil nas pr\u00f3ximas horas.<\/p>\n<h4 style=\"text-align: justify;\">O susto em campo<\/h4>\n<p style=\"text-align: justify;\">Na quinta-feira (22\/8), um incidente no mundo do futebol se tornou um dos assuntos mais comentados na web.\u00a0O zagueiro do Nacional do Uruguai, Juan Izquierdo, caiu desacordado durante a partida contra o S\u00e3o Paulo, no Morumbi, pelas oitavas de final da Copa Libertadores da Am\u00e9rica.<\/p>\n<p style=\"text-align: justify;\">O atleta foi amparado e atendido pela ambul\u00e2ncia que fica dispon\u00edvel no est\u00e1dio. Foram os jogadores que chamaram o socorro de forma imediata, ao notarem a gravidade da situa\u00e7\u00e3o.<\/p>\n<div class=\"m-banner-rectangle m-publicity-content-middle\" style=\"text-align: justify;\"><\/div>\n<p style=\"text-align: justify;\">O incidente aconteceu durante uma bola parada, quando o goleiro do time paulista se preparava para bater um tiro de meta. Na hora da a\u00e7\u00e3o, Juan se desequilibrou e foi ao ch\u00e3o.<\/p>\n<p style=\"text-align: justify;\">Juan Izquierdo foi substituto por Emiliano Vel\u00e1zquez. O caso aconteceu nos minutos finais da disputa.<\/p>\n<div class=\"\" style=\"text-align: justify;\">\n<div id=\"teads-ad-1\"><\/div>\n<\/div>\n<p style=\"text-align: justify;\">No X, usu\u00e1rios desejaram uma boa recupera\u00e7\u00e3o para o boleiro. \u201cAtleta do Nacional Juan Izquierdo entrou no decorrer do jogo, aparentemente teve um mal s\u00fabito e foi retirado de ambul\u00e2ncia de campo. Toda for\u00e7a ao atleta, que n\u00e3o seja nada grave\u201d, escreveu uma pessoa.<\/p>\n<p style=\"text-align: justify;\">\n<p style=\"text-align: justify;\">\n<p style=\"text-align: justify;\">\n<p style=\"text-align: justify;\">metropoles<\/p>\n","protected":false},"excerpt":{"rendered":"<p>Internado na UTI do Hospital Albert Einstein, do Morumbi, em S\u00e3o Paulo, desde a noite de quinta-feira (22\/8), a causa do desmaio do zagueiro do Nacional-URU\u00a0Juan Izquierdo, de 27 anos, foi revelada. De acordo com o site do Globo Esporte, o clube do rapaz emitiu um comunicado onde afirma que o atleta teve uma arritmia<\/p>\n","protected":false},"author":1,"featured_media":37701,"comment_status":"open","ping_status":"open","sticky":false,"template":"","format":"standard","meta":{"_eb_attr":"","footnotes":""},"categories":[7,10],"tags":[],"class_list":["post-37697","post","type-post","status-publish","format-standard","has-post-thumbnail","hentry","category-destaque","category-esportes"],"_links":{"self":[{"href":"https:\/\/portalmidia.net\/index.php\/wp-json\/wp\/v2\/posts\/37697","targetHints":{"allow":["GET"]}}],"collection":[{"href":"https:\/\/portalmidia.net\/index.php\/wp-json\/wp\/v2\/posts"}],"about":[{"href":"https:\/\/portalmidia.net\/index.php\/wp-json\/wp\/v2\/types\/post"}],"author":[{"embeddable":true,"href":"https:\/\/portalmidia.net\/index.php\/wp-json\/wp\/v2\/users\/1"}],"replies":[{"embeddable":true,"href":"https:\/\/portalmidia.net\/index.php\/wp-json\/wp\/v2\/comments?post=37697"}],"version-history":[{"count":1,"href":"https:\/\/portalmidia.net\/index.php\/wp-json\/wp\/v2\/posts\/37697\/revisions"}],"predecessor-version":[{"id":37702,"href":"https:\/\/portalmidia.net\/index.php\/wp-json\/wp\/v2\/posts\/37697\/revisions\/37702"}],"wp:featuredmedia":[{"embeddable":true,"href":"https:\/\/portalmidia.net\/index.php\/wp-json\/wp\/v2\/media\/37701"}],"wp:attachment":[{"href":"https:\/\/portalmidia.net\/index.php\/wp-json\/wp\/v2\/media?parent=37697"}],"wp:term":[{"taxonomy":"category","embeddable":true,"href":"https:\/\/portalmidia.net\/index.php\/wp-json\/wp\/v2\/categories?post=37697"},{"taxonomy":"post_tag","embeddable":true,"href":"https:\/\/portalmidia.net\/index.php\/wp-json\/wp\/v2\/tags?post=37697"}],"curies":[{"name":"wp","href":"https:\/\/api.w.org\/{rel}","templated":true}]}}