 {"id":38947,"date":"2024-09-09T08:02:49","date_gmt":"2024-09-09T11:02:49","guid":{"rendered":"https:\/\/portalmidia.net\/?p=38947"},"modified":"2024-09-09T09:44:04","modified_gmt":"2024-09-09T12:44:04","slug":"homem-e-atingido-por-disparos-de-arma-de-fogo-em-pracinha-da-baia-da-traicao-pb","status":"publish","type":"post","link":"https:\/\/portalmidia.net\/index.php\/2024\/09\/09\/homem-e-atingido-por-disparos-de-arma-de-fogo-em-pracinha-da-baia-da-traicao-pb\/","title":{"rendered":"Homem \u00e9 atingido por disparos de arma de fogo em pracinha da Ba\u00eda da Trai\u00e7\u00e3o-PB"},"content":{"rendered":"<p style=\"text-align: justify;\">Um homem foi morto na noite deste s\u00e1bado (7) na Ba\u00eda da Trai\u00e7\u00e3o, Litoral Norte da Para\u00edba. A v\u00edtima estava na pracinha quando foi alvejado. No local havia muitas pessoas.<\/p>\n<p>&nbsp;<\/p>\n<p>https:\/\/www.instagram.com\/reel\/C_o3cfWM-CM\/?utm_source=ig_web_copy_link<\/p>\n","protected":false},"excerpt":{"rendered":"<p>Um homem foi morto na noite deste s\u00e1bado (7) na Ba\u00eda da Trai\u00e7\u00e3o, Litoral Norte da Para\u00edba. A v\u00edtima estava na pracinha quando foi alvejado. No local havia muitas pessoas. &nbsp; https:\/\/www.instagram.com\/reel\/C_o3cfWM-CM\/?utm_source=ig_web_copy_link<\/p>\n","protected":false},"author":1,"featured_media":39007,"comment_status":"open","ping_status":"open","sticky":false,"template":"","format":"standard","meta":{"_eb_attr":"","footnotes":""},"categories":[7,2],"tags":[],"class_list":["post-38947","post","type-post","status-publish","format-standard","has-post-thumbnail","hentry","category-destaque","category-policial"],"_links":{"self":[{"href":"https:\/\/portalmidia.net\/index.php\/wp-json\/wp\/v2\/posts\/38947","targetHints":{"allow":["GET"]}}],"collection":[{"href":"https:\/\/portalmidia.net\/index.php\/wp-json\/wp\/v2\/posts"}],"about":[{"href":"https:\/\/portalmidia.net\/index.php\/wp-json\/wp\/v2\/types\/post"}],"author":[{"embeddable":true,"href":"https:\/\/portalmidia.net\/index.php\/wp-json\/wp\/v2\/users\/1"}],"replies":[{"embeddable":true,"href":"https:\/\/portalmidia.net\/index.php\/wp-json\/wp\/v2\/comments?post=38947"}],"version-history":[{"count":1,"href":"https:\/\/portalmidia.net\/index.php\/wp-json\/wp\/v2\/posts\/38947\/revisions"}],"predecessor-version":[{"id":38952,"href":"https:\/\/portalmidia.net\/index.php\/wp-json\/wp\/v2\/posts\/38947\/revisions\/38952"}],"wp:featuredmedia":[{"embeddable":true,"href":"https:\/\/portalmidia.net\/index.php\/wp-json\/wp\/v2\/media\/39007"}],"wp:attachment":[{"href":"https:\/\/portalmidia.net\/index.php\/wp-json\/wp\/v2\/media?parent=38947"}],"wp:term":[{"taxonomy":"category","embeddable":true,"href":"https:\/\/portalmidia.net\/index.php\/wp-json\/wp\/v2\/categories?post=38947"},{"taxonomy":"post_tag","embeddable":true,"href":"https:\/\/portalmidia.net\/index.php\/wp-json\/wp\/v2\/tags?post=38947"}],"curies":[{"name":"wp","href":"https:\/\/api.w.org\/{rel}","templated":true}]}}