 {"id":39117,"date":"2024-09-11T09:49:30","date_gmt":"2024-09-11T12:49:30","guid":{"rendered":"https:\/\/portalmidia.net\/?p=39117"},"modified":"2024-09-11T09:49:30","modified_gmt":"2024-09-11T12:49:30","slug":"juiza-nega-candidatura-de-influencer-que-ameacou-expor-fotos-da-ex","status":"publish","type":"post","link":"https:\/\/portalmidia.net\/index.php\/2024\/09\/11\/juiza-nega-candidatura-de-influencer-que-ameacou-expor-fotos-da-ex\/","title":{"rendered":"Ju\u00edza nega candidatura de influencer que amea\u00e7ou expor fotos da ex"},"content":{"rendered":"<p style=\"text-align: justify;\">A Justi\u00e7a Eleitoral indeferiu a candidatura do digital influencer e cantor Rafic Yassin Mohamed (PP) \u00e0 C\u00e2mara de\u00a0<a href=\"https:\/\/www.metropoles.com\/tag\/cuiaba\" target=\"_blank\" rel=\"noopener\">Cuiab\u00e1<\/a>\u00a0pela pr\u00e1tica de crime contra a dignidade sexual. Rafic foi preso em 2019 e chegou a ser monitorado por tornozeleira eletr\u00f4nica ap\u00f3s ser acusado de amea\u00e7ar divulgar fotos \u00edntimas da ex-namorada.<\/p>\n<div class=\"m-banner-wrap m-banner-rectangle m-publicity-content-middle\" style=\"text-align: justify;\"><\/div>\n<p style=\"text-align: justify;\" data-gtm-vis-recent-on-screen104869357_94=\"163686\" data-gtm-vis-first-on-screen104869357_94=\"163686\" data-gtm-vis-total-visible-time104869357_94=\"100\" data-gtm-vis-has-fired104869357_94=\"1\">De acordo com a decis\u00e3o, divulgada na segunda-feira (9\/9), a ju\u00edza da 39\u00aa Zona Eleitoral de Cuiab\u00e1, Suzana Guimar\u00e3es Ribeiro, indeferiu a candidatura de Rafic pelo fato dele ter condena\u00e7\u00e3o criminal em 1\u00ba grau. A senten\u00e7a condenat\u00f3ria foi mantida e confirmada por \u00f3rg\u00e3o colegiado em 2\u00ba grau, qual seja, pela 1\u00aa C\u00e2mara Criminal do Tribunal de Justi\u00e7a de Mato Grosso (<a href=\"https:\/\/www.tjmt.jus.br\/\" target=\"_blank\" rel=\"noopener\">TJMT<\/a>).<\/p>\n<p style=\"text-align: justify;\">\u201cAnte o exposto, indefiro o pedido de registro de candidatura de Rafic Mohamad Yassine para concorrer ao cargo de Vereador em Cuiab\u00e1\/MT, declarando-o ineleg\u00edvel para as elei\u00e7\u00f5es de 2024, tudo com fulcro no art. 11 da Resolu\u00e7\u00e3o TSE n\u00ba 23.609\/2019, c\/c art. 1\u00ba, I, e, 9., da Lei Complementar n\u00ba 64\/1990\u201d, diz trecho da decis\u00e3o.<\/p>\n<p style=\"text-align: justify;\">metropoles<\/p>\n","protected":false},"excerpt":{"rendered":"<p>A Justi\u00e7a Eleitoral indeferiu a candidatura do digital influencer e cantor Rafic Yassin Mohamed (PP) \u00e0 C\u00e2mara de\u00a0Cuiab\u00e1\u00a0pela pr\u00e1tica de crime contra a dignidade sexual. Rafic foi preso em 2019 e chegou a ser monitorado por tornozeleira eletr\u00f4nica ap\u00f3s ser acusado de amea\u00e7ar divulgar fotos \u00edntimas da ex-namorada. De acordo com a decis\u00e3o, divulgada na<\/p>\n","protected":false},"author":1,"featured_media":39121,"comment_status":"open","ping_status":"open","sticky":false,"template":"","format":"standard","meta":{"_eb_attr":"","footnotes":""},"categories":[7,3],"tags":[],"class_list":["post-39117","post","type-post","status-publish","format-standard","has-post-thumbnail","hentry","category-destaque","category-politica"],"_links":{"self":[{"href":"https:\/\/portalmidia.net\/index.php\/wp-json\/wp\/v2\/posts\/39117","targetHints":{"allow":["GET"]}}],"collection":[{"href":"https:\/\/portalmidia.net\/index.php\/wp-json\/wp\/v2\/posts"}],"about":[{"href":"https:\/\/portalmidia.net\/index.php\/wp-json\/wp\/v2\/types\/post"}],"author":[{"embeddable":true,"href":"https:\/\/portalmidia.net\/index.php\/wp-json\/wp\/v2\/users\/1"}],"replies":[{"embeddable":true,"href":"https:\/\/portalmidia.net\/index.php\/wp-json\/wp\/v2\/comments?post=39117"}],"version-history":[{"count":1,"href":"https:\/\/portalmidia.net\/index.php\/wp-json\/wp\/v2\/posts\/39117\/revisions"}],"predecessor-version":[{"id":39122,"href":"https:\/\/portalmidia.net\/index.php\/wp-json\/wp\/v2\/posts\/39117\/revisions\/39122"}],"wp:featuredmedia":[{"embeddable":true,"href":"https:\/\/portalmidia.net\/index.php\/wp-json\/wp\/v2\/media\/39121"}],"wp:attachment":[{"href":"https:\/\/portalmidia.net\/index.php\/wp-json\/wp\/v2\/media?parent=39117"}],"wp:term":[{"taxonomy":"category","embeddable":true,"href":"https:\/\/portalmidia.net\/index.php\/wp-json\/wp\/v2\/categories?post=39117"},{"taxonomy":"post_tag","embeddable":true,"href":"https:\/\/portalmidia.net\/index.php\/wp-json\/wp\/v2\/tags?post=39117"}],"curies":[{"name":"wp","href":"https:\/\/api.w.org\/{rel}","templated":true}]}}