 {"id":39119,"date":"2024-09-11T09:51:12","date_gmt":"2024-09-11T12:51:12","guid":{"rendered":"https:\/\/portalmidia.net\/?p=39119"},"modified":"2024-09-11T09:51:12","modified_gmt":"2024-09-11T12:51:12","slug":"numero-de-casos-da-covid-cresce-105-em-um-mes-no-brasil","status":"publish","type":"post","link":"https:\/\/portalmidia.net\/index.php\/2024\/09\/11\/numero-de-casos-da-covid-cresce-105-em-um-mes-no-brasil\/","title":{"rendered":"N\u00famero de casos da Covid cresce 105% em um m\u00eas no Brasil"},"content":{"rendered":"<p style=\"text-align: justify;\">O Brasil enfrenta um aumento expressivo no n\u00famero de casos e \u00f3bitos por Covid-19 entre os meses de julho e agosto deste ano. \u00c9 o que mostram os dados mais recentes do Painel de Monitoramento do Coronav\u00edrus do\u00a0<a href=\"https:\/\/www.gov.br\/saude\/pt-br\" target=\"_blank\" rel=\"noopener\">Minist\u00e9rio da Sa\u00fade<\/a>.<\/p>\n<div class=\"m-banner-wrap m-banner-rectangle m-publicity-content-middle\" style=\"text-align: justify;\"><\/div>\n<p style=\"text-align: justify;\" data-gtm-vis-recent-on-screen104869357_94=\"117142\" data-gtm-vis-first-on-screen104869357_94=\"117142\" data-gtm-vis-total-visible-time104869357_94=\"100\" data-gtm-vis-has-fired104869357_94=\"1\">Em julho, foram registrados 17.964 novos casos de\u00a0<a href=\"https:\/\/www.metropoles.com\/tag\/covid-19\" target=\"_blank\" rel=\"noopener\">Covid-19<\/a>\u00a0no pa\u00eds. Esse n\u00famero mais que dobrou em agosto, alcan\u00e7ando 36.970, o que representa um aumento de 105,8%. As estat\u00edsticas foram analisadas pela reportagem com base nas semanas epidemiol\u00f3gicas 28 (7 de julho) a 35 (31 de agosto).<\/p>\n<div class=\"flourish-embed flourish-chart\" style=\"text-align: justify;\" data-src=\"visualisation\/19358006\"><iframe title=\"Interactive or visual content\" src=\"https:\/\/flo.uri.sh\/visualisation\/19358006\/embed?auto=1\" frameborder=\"0\" scrolling=\"no\" sandbox=\"allow-same-origin allow-forms allow-scripts allow-downloads allow-popups allow-popups-to-escape-sandbox allow-top-navigation-by-user-activation\" data-mce-fragment=\"1\"><\/iframe><\/div>\n<p style=\"text-align: justify;\">O n\u00famero de \u00f3bitos tamb\u00e9m apresentou eleva\u00e7\u00e3o. Foram 229 mortes em julho e 334 em agosto, marcando um crescimento de 45,85%.<\/p>\n<div class=\"flourish-embed flourish-chart\" style=\"text-align: justify;\" data-src=\"visualisation\/19357847\"><iframe title=\"Interactive or visual content\" src=\"https:\/\/flo.uri.sh\/visualisation\/19357847\/embed?auto=1\" frameborder=\"0\" scrolling=\"no\" sandbox=\"allow-same-origin allow-forms allow-scripts allow-downloads allow-popups allow-popups-to-escape-sandbox allow-top-navigation-by-user-activation\" data-mce-fragment=\"1\"><\/iframe><\/div>\n<p style=\"text-align: justify;\">As semanas epidemiol\u00f3gicas s\u00e3o um sistema padronizado para organizar e comparar dados de sa\u00fade, como casos de doen\u00e7as, ao longo do tempo. Em vez de usar meses ou datas espec\u00edficas, os profissionais de sa\u00fade dividem o ano em semanas numeradas de 1 a 52 (ou 53).<\/p>\n<p style=\"text-align: justify;\">Desde o in\u00edcio da\u00a0<a href=\"https:\/\/www.metropoles.com\/tag\/pandemia\" target=\"_blank\" rel=\"noopener\">pandemia<\/a>, em 2020, o Brasil j\u00e1 acumulou mais de 38 milh\u00f5es de casos e 713 mil \u00f3bitos pela doen\u00e7a<\/p>\n<h4 style=\"text-align: justify;\">O que diz o Minist\u00e9rio da Sa\u00fade sobre o aumento de casos da Covid-19<\/h4>\n<p style=\"text-align: justify;\">Em nota enviada ao\u00a0<strong>Metr\u00f3poles<\/strong>, o Minist\u00e9rio da Sa\u00fade informou que, durante todo o ano de 2024, foram registrados 680.181 casos de Covid-19, valor abaixo do hist\u00f3rico se comparado com anos anteriores: 1.496.631 casos no mesmo per\u00edodo de 2023.<\/p>\n<blockquote><p>\u201cMas nas \u00faltimas semanas h\u00e1 tend\u00eancia de aumento, principalmente entre idosos, o que refor\u00e7a a import\u00e2ncia da vacina\u00e7\u00e3o\u201d, alerta a pasta.<\/p>\n<div class=\"m-banner-wrap m-banner-rectangle m-publicity-content-middle\"><\/div>\n<\/blockquote>\n<p style=\"text-align: justify;\">O Minist\u00e9rio recomenda a vacina\u00e7\u00e3o contra a Covid-19 para a\u00a0<a href=\"https:\/\/www.metropoles.com\/saude\/xbb-1-5-tudo-sobre-a-subvariante-que-domina-casos-de-covid-nos-eua\" target=\"_blank\" rel=\"noopener\">variante Arcturus, tamb\u00e9m conhecida como XBB<\/a>, que previne as formas graves da doen\u00e7a e \u00f3bitos.<\/p>\n<blockquote><p>\u201cA vacina\u00e7\u00e3o \u00e9 direcionada a crian\u00e7as de seis meses a menores de cinco anos, idosos, imunocomprometidos, gestantes e outros grupos priorit\u00e1rios. Crian\u00e7as com esquema vacinal completo podem receber a dose da vacina XBB ap\u00f3s tr\u00eas meses da \u00faltima dose e pessoas de 5 a 59 anos n\u00e3o vacinadas podem iniciar com uma dose da XBB\u201d, diz trecho da nota.<\/p>\n<div class=\"m-banner-wrap m-banner-rectangle m-publicity-content-middle\"><\/div>\n<\/blockquote>\n<p style=\"text-align: justify;\">A pasta refor\u00e7a a recomenda\u00e7\u00e3o do uso de m\u00e1scaras por profissionais da sa\u00fade, pessoas com sintomas respirat\u00f3rios e em locais com aglomera\u00e7\u00f5es.<\/p>\n<h4 style=\"text-align: justify;\">Fique atento aos sintomas<\/h4>\n<ul style=\"text-align: justify;\">\n<li>Febre baixa ou calafrios;<\/li>\n<li>Tosse geralmente seca e persistente;<\/li>\n<li>Espirros;<\/li>\n<li>Cansa\u00e7o;<\/li>\n<li>Dor de garganta;<\/li>\n<li>Dores de cabe\u00e7a;<\/li>\n<li>Dores musculares em todo o corpo;<\/li>\n<li>Coriza;<\/li>\n<li>N\u00e1usea\/v\u00f4mito;<\/li>\n<li>Diarreia.<\/li>\n<\/ul>\n<p style=\"text-align: justify;\">O teste deve ser feito nos primeiros tr\u00eas a cinco dias desde o in\u00edcio dos sintomas \u2014 \u00e9 nesse momento que a carga viral est\u00e1 mais alta.<\/p>\n<p style=\"text-align: justify;\">\n<p style=\"text-align: justify;\">metropoles<\/p>\n","protected":false},"excerpt":{"rendered":"<p>O Brasil enfrenta um aumento expressivo no n\u00famero de casos e \u00f3bitos por Covid-19 entre os meses de julho e agosto deste ano. \u00c9 o que mostram os dados mais recentes do Painel de Monitoramento do Coronav\u00edrus do\u00a0Minist\u00e9rio da Sa\u00fade. Em julho, foram registrados 17.964 novos casos de\u00a0Covid-19\u00a0no pa\u00eds. Esse n\u00famero mais que dobrou em<\/p>\n","protected":false},"author":1,"featured_media":39123,"comment_status":"open","ping_status":"open","sticky":false,"template":"","format":"standard","meta":{"_eb_attr":"","footnotes":""},"categories":[7,3,5],"tags":[],"class_list":["post-39119","post","type-post","status-publish","format-standard","has-post-thumbnail","hentry","category-destaque","category-politica","category-saude"],"_links":{"self":[{"href":"https:\/\/portalmidia.net\/index.php\/wp-json\/wp\/v2\/posts\/39119","targetHints":{"allow":["GET"]}}],"collection":[{"href":"https:\/\/portalmidia.net\/index.php\/wp-json\/wp\/v2\/posts"}],"about":[{"href":"https:\/\/portalmidia.net\/index.php\/wp-json\/wp\/v2\/types\/post"}],"author":[{"embeddable":true,"href":"https:\/\/portalmidia.net\/index.php\/wp-json\/wp\/v2\/users\/1"}],"replies":[{"embeddable":true,"href":"https:\/\/portalmidia.net\/index.php\/wp-json\/wp\/v2\/comments?post=39119"}],"version-history":[{"count":1,"href":"https:\/\/portalmidia.net\/index.php\/wp-json\/wp\/v2\/posts\/39119\/revisions"}],"predecessor-version":[{"id":39125,"href":"https:\/\/portalmidia.net\/index.php\/wp-json\/wp\/v2\/posts\/39119\/revisions\/39125"}],"wp:featuredmedia":[{"embeddable":true,"href":"https:\/\/portalmidia.net\/index.php\/wp-json\/wp\/v2\/media\/39123"}],"wp:attachment":[{"href":"https:\/\/portalmidia.net\/index.php\/wp-json\/wp\/v2\/media?parent=39119"}],"wp:term":[{"taxonomy":"category","embeddable":true,"href":"https:\/\/portalmidia.net\/index.php\/wp-json\/wp\/v2\/categories?post=39119"},{"taxonomy":"post_tag","embeddable":true,"href":"https:\/\/portalmidia.net\/index.php\/wp-json\/wp\/v2\/tags?post=39119"}],"curies":[{"name":"wp","href":"https:\/\/api.w.org\/{rel}","templated":true}]}}