 {"id":39884,"date":"2024-09-24T08:18:05","date_gmt":"2024-09-24T11:18:05","guid":{"rendered":"https:\/\/portalmidia.net\/?p=39884"},"modified":"2024-09-24T08:18:05","modified_gmt":"2024-09-24T11:18:05","slug":"mulher-suspeita-de-matar-e-degolar-filho-em-joao-pessoa-segue-internada-em-estado-grave","status":"publish","type":"post","link":"https:\/\/portalmidia.net\/index.php\/2024\/09\/24\/mulher-suspeita-de-matar-e-degolar-filho-em-joao-pessoa-segue-internada-em-estado-grave\/","title":{"rendered":"Mulher suspeita de matar e degolar filho em Jo\u00e3o Pessoa segue internada em estado grave"},"content":{"rendered":"<div id=\"chunk-5sa38\">\n<div class=\"mc-column content-text active-extra-styles \" data-block-type=\"unstyled\" data-block-weight=\"43\" data-block-id=\"2\">\n<p class=\" content-text__container \" style=\"text-align: justify;\" data-track-category=\"Link no Texto\" data-track-links=\"\" data-mrf-recirculation=\"Article links\">A\u00a0mulher suspeita de matar a facadas e depois degolar o filho de 6 anos\u00a0nesta sexta-feira (20), em\u00a0<a class=\"\" href=\"https:\/\/g1.globo.com\/pb\/paraiba\/cidade\/joao-pessoa\/\" data-mrf-link=\"https:\/\/g1.globo.com\/pb\/paraiba\/cidade\/joao-pessoa\/\">Jo\u00e3o Pessoa<\/a>, segue internada em estado grave no Hospital de Emerg\u00eancia e Trauma. O caso \u00e9 tratado como um homic\u00eddio com sinais de crueldade.<\/p>\n<\/div>\n<\/div>\n<div class=\"wall protected-content\" style=\"text-align: justify;\">\n<div id=\"chunk-hcbt\">\n<div class=\"mc-column content-text active-extra-styles \" data-block-type=\"unstyled\" data-block-weight=\"16\" data-block-id=\"4\">\n<p class=\" content-text__container \" data-track-category=\"Link no Texto\" data-track-links=\"\" data-mrf-recirculation=\"Article links\">Segundo a Pol\u00edcia Militar, a mulher reagiu \u00e0 pris\u00e3o e, por isso,\u00a0<a class=\"\" href=\"https:\/\/g1.globo.com\/pb\/paraiba\/noticia\/2024\/09\/20\/mulher-suspeita-de-matar-e-degolar-filho-em-joao-pessoa-foi-atingida-por-14-tiros-e-esta-internada-em-estado-grave.ghtml\" data-mrf-link=\"https:\/\/g1.globo.com\/pb\/paraiba\/noticia\/2024\/09\/20\/mulher-suspeita-de-matar-e-degolar-filho-em-joao-pessoa-foi-atingida-por-14-tiros-e-esta-internada-em-estado-grave.ghtml\">foi baleada diversas vezes<\/a>.<\/p>\n<\/div>\n<\/div>\n<div id=\"chunk-7si39\">\n<div class=\"mc-column content-text active-extra-styles \" data-block-type=\"unstyled\" data-block-weight=\"28\" data-block-id=\"5\">\n<p class=\" content-text__container \" data-track-category=\"Link no Texto\" data-track-links=\"\" data-mrf-recirculation=\"Article links\">A jovem de 26 anos estudou em uma escola de Itamb\u00e9, em Pernambuco, e se mudou para Jo\u00e3o Pessoa em 2020, conforme consta em suas redes sociais.<\/p>\n<div id=\"chunk-5sa38\">\n<div class=\"mc-column content-text active-extra-styles \" data-block-type=\"unstyled\" data-block-weight=\"43\" data-block-id=\"2\">\n<p class=\" content-text__container \" data-track-category=\"Link no Texto\" data-track-links=\"\" data-mrf-recirculation=\"Article links\">A\u00a0mulher suspeita de matar a facadas e depois degolar o filho de 6 anos\u00a0nesta sexta-feira (20), em\u00a0<a class=\"\" href=\"https:\/\/g1.globo.com\/pb\/paraiba\/cidade\/joao-pessoa\/\" data-mrf-link=\"https:\/\/g1.globo.com\/pb\/paraiba\/cidade\/joao-pessoa\/\">Jo\u00e3o Pessoa<\/a>, segue internada em estado grave no Hospital de Emerg\u00eancia e Trauma. O caso \u00e9 tratado como um homic\u00eddio com sinais de crueldade.<\/p>\n<\/div>\n<\/div>\n<div class=\"wall protected-content\">\n<div id=\"chunk-hcbt\">\n<div class=\"mc-column content-text active-extra-styles \" data-block-type=\"unstyled\" data-block-weight=\"16\" data-block-id=\"4\">\n<p class=\" content-text__container \" data-track-category=\"Link no Texto\" data-track-links=\"\" data-mrf-recirculation=\"Article links\">Segundo a Pol\u00edcia Militar, a mulher reagiu \u00e0 pris\u00e3o e, por isso,\u00a0<a class=\"\" href=\"https:\/\/g1.globo.com\/pb\/paraiba\/noticia\/2024\/09\/20\/mulher-suspeita-de-matar-e-degolar-filho-em-joao-pessoa-foi-atingida-por-14-tiros-e-esta-internada-em-estado-grave.ghtml\" data-mrf-link=\"https:\/\/g1.globo.com\/pb\/paraiba\/noticia\/2024\/09\/20\/mulher-suspeita-de-matar-e-degolar-filho-em-joao-pessoa-foi-atingida-por-14-tiros-e-esta-internada-em-estado-grave.ghtml\">foi baleada diversas vezes<\/a>.<\/p>\n<\/div>\n<\/div>\n<div id=\"chunk-7si39\">\n<div class=\"mc-column content-text active-extra-styles \" data-block-type=\"unstyled\" data-block-weight=\"28\" data-block-id=\"5\">\n<p class=\" content-text__container \" data-track-category=\"Link no Texto\" data-track-links=\"\" data-mrf-recirculation=\"Article links\">A jovem de 26 anos estudou em uma escola de Itamb\u00e9, em Pernambuco, e se mudou para Jo\u00e3o Pessoa em 2020, conforme consta em suas redes sociais.<\/p>\n<\/div>\n<\/div>\n<\/div>\n<\/div>\n<\/div>\n<\/div>\n<p style=\"text-align: justify;\" data-track-category=\"Link no Texto\" data-track-links=\"\" data-mrf-recirculation=\"Article links\">\n<p style=\"text-align: justify;\" data-track-category=\"Link no Texto\" data-track-links=\"\" data-mrf-recirculation=\"Article links\">\n<p style=\"text-align: justify;\" data-track-category=\"Link no Texto\" data-track-links=\"\" data-mrf-recirculation=\"Article links\">G1<\/p>\n","protected":false},"excerpt":{"rendered":"<p>A\u00a0mulher suspeita de matar a facadas e depois degolar o filho de 6 anos\u00a0nesta sexta-feira (20), em\u00a0Jo\u00e3o Pessoa, segue internada em estado grave no Hospital de Emerg\u00eancia e Trauma. O caso \u00e9 tratado como um homic\u00eddio com sinais de crueldade. Segundo a Pol\u00edcia Militar, a mulher reagiu \u00e0 pris\u00e3o e, por isso,\u00a0foi baleada diversas vezes.<\/p>\n","protected":false},"author":1,"featured_media":39886,"comment_status":"open","ping_status":"open","sticky":false,"template":"","format":"standard","meta":{"_eb_attr":"","footnotes":""},"categories":[7,2],"tags":[],"class_list":["post-39884","post","type-post","status-publish","format-standard","has-post-thumbnail","hentry","category-destaque","category-policial"],"_links":{"self":[{"href":"https:\/\/portalmidia.net\/index.php\/wp-json\/wp\/v2\/posts\/39884","targetHints":{"allow":["GET"]}}],"collection":[{"href":"https:\/\/portalmidia.net\/index.php\/wp-json\/wp\/v2\/posts"}],"about":[{"href":"https:\/\/portalmidia.net\/index.php\/wp-json\/wp\/v2\/types\/post"}],"author":[{"embeddable":true,"href":"https:\/\/portalmidia.net\/index.php\/wp-json\/wp\/v2\/users\/1"}],"replies":[{"embeddable":true,"href":"https:\/\/portalmidia.net\/index.php\/wp-json\/wp\/v2\/comments?post=39884"}],"version-history":[{"count":1,"href":"https:\/\/portalmidia.net\/index.php\/wp-json\/wp\/v2\/posts\/39884\/revisions"}],"predecessor-version":[{"id":39887,"href":"https:\/\/portalmidia.net\/index.php\/wp-json\/wp\/v2\/posts\/39884\/revisions\/39887"}],"wp:featuredmedia":[{"embeddable":true,"href":"https:\/\/portalmidia.net\/index.php\/wp-json\/wp\/v2\/media\/39886"}],"wp:attachment":[{"href":"https:\/\/portalmidia.net\/index.php\/wp-json\/wp\/v2\/media?parent=39884"}],"wp:term":[{"taxonomy":"category","embeddable":true,"href":"https:\/\/portalmidia.net\/index.php\/wp-json\/wp\/v2\/categories?post=39884"},{"taxonomy":"post_tag","embeddable":true,"href":"https:\/\/portalmidia.net\/index.php\/wp-json\/wp\/v2\/tags?post=39884"}],"curies":[{"name":"wp","href":"https:\/\/api.w.org\/{rel}","templated":true}]}}