 {"id":39894,"date":"2024-09-24T08:22:51","date_gmt":"2024-09-24T11:22:51","guid":{"rendered":"https:\/\/portalmidia.net\/?p=39894"},"modified":"2024-09-24T08:22:51","modified_gmt":"2024-09-24T11:22:51","slug":"raniery-garante-isencao-do-iptu-para-as-forcas-de-seguranca-de-guarabira","status":"publish","type":"post","link":"https:\/\/portalmidia.net\/index.php\/2024\/09\/24\/raniery-garante-isencao-do-iptu-para-as-forcas-de-seguranca-de-guarabira\/","title":{"rendered":"Raniery garante isen\u00e7\u00e3o do IPTU para as for\u00e7as de seguran\u00e7a de Guarabira"},"content":{"rendered":"<p style=\"text-align: justify;\">Os integrantes das for\u00e7as de seguran\u00e7a p\u00fablica de Guarabira, a partir do pr\u00f3ximo ano, n\u00e3o mais pagar\u00e3o o Imposto Predial Territorial Urbano (IPTU). O compromisso foi assumido com as categorias por Raniery Paulino, candidato a prefeito da cidade pelo grupo de oposi\u00e7\u00e3o.<\/p>\n<p style=\"text-align: justify;\">Ser\u00e3o beneficiadas com a medida policiais militares da ativa e reformados, policiais civis, policiais penais, bombeiro militar, agentes de tr\u00e2nsito da Semob e futuros guardas civis municipais.<\/p>\n<p style=\"text-align: justify;\">Durante reuni\u00e3o com as for\u00e7as de seguran\u00e7a da cidade, a proposta foi apresentada ao candidato a prefeito pelo Republicanos que disse ter achado a ideia importante, por isso vai implant\u00e1-la no Plano de Governo a ser executado em Guarabira a partir de 2025.<\/p>\n<p style=\"text-align: justify;\">&#8211; Achei a proposta vi\u00e1vel. Ela nos foi apresentada por um representante da categoria. Vou acolher em nosso Plano de Governo, beneficiando todas as categorias das institui\u00e7\u00f5es de seguran\u00e7a p\u00fablicas de nossa cidade \u2013 revelou Raniery Paulino.<\/p>\n<p style=\"text-align: justify;\">O candidato a prefeito de Guarabira apoiado pelo governador Jo\u00e3o Azev\u00eado, que recentemente esteve deputado federal, disputa a Prefeitura Municipal da maior cidade do Brejo paraibano Guarabira pela primeira vez. Ele tem a pediatra Fl\u00e1via Paredes, do PSB, como companheira de chapa.<\/p>\n<p style=\"text-align: justify;\">Da Assessoria de Imprensa<\/p>\n","protected":false},"excerpt":{"rendered":"<p>Os integrantes das for\u00e7as de seguran\u00e7a p\u00fablica de Guarabira, a partir do pr\u00f3ximo ano, n\u00e3o mais pagar\u00e3o o Imposto Predial Territorial Urbano (IPTU). O compromisso foi assumido com as categorias por Raniery Paulino, candidato a prefeito da cidade pelo grupo de oposi\u00e7\u00e3o. Ser\u00e3o beneficiadas com a medida policiais militares da ativa e reformados, policiais civis,<\/p>\n","protected":false},"author":1,"featured_media":39897,"comment_status":"open","ping_status":"open","sticky":false,"template":"","format":"standard","meta":{"_eb_attr":"","footnotes":""},"categories":[7,3],"tags":[],"class_list":["post-39894","post","type-post","status-publish","format-standard","has-post-thumbnail","hentry","category-destaque","category-politica"],"_links":{"self":[{"href":"https:\/\/portalmidia.net\/index.php\/wp-json\/wp\/v2\/posts\/39894","targetHints":{"allow":["GET"]}}],"collection":[{"href":"https:\/\/portalmidia.net\/index.php\/wp-json\/wp\/v2\/posts"}],"about":[{"href":"https:\/\/portalmidia.net\/index.php\/wp-json\/wp\/v2\/types\/post"}],"author":[{"embeddable":true,"href":"https:\/\/portalmidia.net\/index.php\/wp-json\/wp\/v2\/users\/1"}],"replies":[{"embeddable":true,"href":"https:\/\/portalmidia.net\/index.php\/wp-json\/wp\/v2\/comments?post=39894"}],"version-history":[{"count":1,"href":"https:\/\/portalmidia.net\/index.php\/wp-json\/wp\/v2\/posts\/39894\/revisions"}],"predecessor-version":[{"id":39899,"href":"https:\/\/portalmidia.net\/index.php\/wp-json\/wp\/v2\/posts\/39894\/revisions\/39899"}],"wp:featuredmedia":[{"embeddable":true,"href":"https:\/\/portalmidia.net\/index.php\/wp-json\/wp\/v2\/media\/39897"}],"wp:attachment":[{"href":"https:\/\/portalmidia.net\/index.php\/wp-json\/wp\/v2\/media?parent=39894"}],"wp:term":[{"taxonomy":"category","embeddable":true,"href":"https:\/\/portalmidia.net\/index.php\/wp-json\/wp\/v2\/categories?post=39894"},{"taxonomy":"post_tag","embeddable":true,"href":"https:\/\/portalmidia.net\/index.php\/wp-json\/wp\/v2\/tags?post=39894"}],"curies":[{"name":"wp","href":"https:\/\/api.w.org\/{rel}","templated":true}]}}