 {"id":39915,"date":"2024-09-25T07:59:04","date_gmt":"2024-09-25T10:59:04","guid":{"rendered":"https:\/\/portalmidia.net\/?p=39915"},"modified":"2024-09-25T07:59:04","modified_gmt":"2024-09-25T10:59:04","slug":"carmen-lucia-condena-episodios-de-violencia-na-campanha-eleitoral","status":"publish","type":"post","link":"https:\/\/portalmidia.net\/index.php\/2024\/09\/25\/carmen-lucia-condena-episodios-de-violencia-na-campanha-eleitoral\/","title":{"rendered":"C\u00e1rmen L\u00facia condena epis\u00f3dios de viol\u00eancia na campanha eleitoral"},"content":{"rendered":"<p style=\"text-align: justify;\">\n<p style=\"text-align: justify;\">\n<p style=\"text-align: justify;\">A presidente do Tribunal Superior Eleitoral (TSE), ministra C\u00e1rmen L\u00facia, condenou nesta ter\u00e7a-feira (24) epis\u00f3dios de viol\u00eancia envolvendo candidatos e seus assessores na campanha eleitoral.<img decoding=\"async\" src=\"https:\/\/agenciabrasil.ebc.com.br\/ebc.png?id=1613545&amp;o=node\" \/><img decoding=\"async\" src=\"https:\/\/agenciabrasil.ebc.com.br\/ebc.gif?id=1613545&amp;o=node\" \/><\/p>\n<p style=\"text-align: justify;\">Sem citar casos espec\u00edficos, a ministra determinou que a Pol\u00edcia Federal (PF), o Minist\u00e9rio P\u00fablico e os tribunais regionais eleitorais (TREs) priorizem a investiga\u00e7\u00e3o e julgamento de processos envolvendo a quest\u00e3o durante a campanha eleitoral.<\/p>\n<p style=\"text-align: justify;\">Durante a abertura da sess\u00e3o desta noite, C\u00e1rmen L\u00facia disse que a viol\u00eancia praticada na pol\u00edtica desrespeita a sociedade e a democracia.<\/p>\n<blockquote><p>&#8220;Por despreparo, descaso ou t\u00e1tica ileg\u00edtima e desqualificada de campanha atenta-se contra cidad\u00e3s e cidad\u00e3os, atacam-se pessoas e institui\u00e7\u00f5es e, na mais subalterna e incivil descompostura, imp\u00f5e-se \u00e0s pessoas honradas do pa\u00eds, que querem entender as propostas que os candidatos t\u00eam para a sua cidade sejam elas obrigadas a assistir cenas abjetas e criminosas, que rebaixam a pol\u00edtica a cenas de pugilato, desraz\u00e3o e not\u00edcias de crimes&#8221;, afirmou.<\/p><\/blockquote>\n<p style=\"text-align: justify;\">A presidente tamb\u00e9m afirmou que candidatos e auxiliares de campanha devem respeitar a democracia brasileira.<\/p>\n<blockquote><p>&#8220;H\u00e1 que se exigir, em nome do eleitorado brasileiro, que candidatos e seus auxiliares de campanha deem-se ao respeito. E se n\u00e3o se respeitam, respeitem a cidadania brasileira, que ela n\u00e3o est\u00e1 \u00e0 merc\u00ea de cenas e pr\u00e1ticas que envergonham e ofendem a civilidade democr\u00e1tica&#8221;, disse.<\/p><\/blockquote>\n<p style=\"text-align: justify;\">C\u00e1rmen L\u00facia alertou\u00a0que os partidos, que usam recursos p\u00fablicos nas campanhas, n\u00e3o podem compactuar com epis\u00f3dios de viol\u00eancia.<\/p>\n<p style=\"text-align: justify;\">&#8220;N\u00e3o podem [partidos] pactuar com desatinos e c\u00f3leras expostas em cenas de vilania e desrespeito aos princ\u00edpios b\u00e1sicos da conviv\u00eancia democr\u00e1tica&#8221;, completou.<\/p>\n<p style=\"text-align: justify;\">As declara\u00e7\u00f5es da ministra ocorrem um dia ap\u00f3s mais um caso de viol\u00eancia registrado na campanha para a prefeitura de S\u00e3o Paulo. Ontem (23), Duda Lima, publicit\u00e1rio do atual prefeito e tamb\u00e9m candidato Ricardo Nunes (MDB), foi\u00a0<a href=\"https:\/\/agenciabrasil.ebc.com.br\/politica\/noticia\/2024-09\/soco-em-marqueteiro-de-nunes-e-registrado-como-lesao-corporal\" target=\"_blank\" rel=\"noopener\">agredido<\/a>\u00a0por Nahuel Medina, assessor do candidato Pablo Mar\u00e7al (PRTB).<\/p>\n<p style=\"text-align: justify;\">A agress\u00e3o ocorreu no final do debate eleitoral realizado pelo grupo Flow, propriet\u00e1rio de um podcast na internet.<\/p>\n<p style=\"text-align: justify;\">H\u00e1 duas semanas, o\u00a0<a href=\"https:\/\/agenciabrasil.ebc.com.br\/radioagencia-nacional\/geral\/audio\/2024-09\/datena-agride-marcal-com-uma-cadeira-durante-debate-na-tv-cultura\" target=\"_blank\" rel=\"noopener\">candidato Datena (PSDB) agrediu Mar\u00e7al\u00a0<\/a>com uma cadeira durante debate realizado pela TV Cultura.<\/p>\n<p style=\"text-align: justify;\">\n<p style=\"text-align: justify;\">\n<p style=\"text-align: justify;\">\n<p style=\"text-align: justify;\">\n<p style=\"text-align: justify;\">\n<p style=\"text-align: justify;\">\n<p style=\"text-align: justify;\">\n<p style=\"text-align: justify;\">agenciabrasil<\/p>\n","protected":false},"excerpt":{"rendered":"<p>A presidente do Tribunal Superior Eleitoral (TSE), ministra C\u00e1rmen L\u00facia, condenou nesta ter\u00e7a-feira (24) epis\u00f3dios de viol\u00eancia envolvendo candidatos e seus assessores na campanha eleitoral. Sem citar casos espec\u00edficos, a ministra determinou que a Pol\u00edcia Federal (PF), o Minist\u00e9rio P\u00fablico e os tribunais regionais eleitorais (TREs) priorizem a investiga\u00e7\u00e3o e julgamento de processos envolvendo a<\/p>\n","protected":false},"author":1,"featured_media":39919,"comment_status":"open","ping_status":"open","sticky":false,"template":"","format":"standard","meta":{"_eb_attr":"","footnotes":""},"categories":[7,3],"tags":[],"class_list":["post-39915","post","type-post","status-publish","format-standard","has-post-thumbnail","hentry","category-destaque","category-politica"],"_links":{"self":[{"href":"https:\/\/portalmidia.net\/index.php\/wp-json\/wp\/v2\/posts\/39915","targetHints":{"allow":["GET"]}}],"collection":[{"href":"https:\/\/portalmidia.net\/index.php\/wp-json\/wp\/v2\/posts"}],"about":[{"href":"https:\/\/portalmidia.net\/index.php\/wp-json\/wp\/v2\/types\/post"}],"author":[{"embeddable":true,"href":"https:\/\/portalmidia.net\/index.php\/wp-json\/wp\/v2\/users\/1"}],"replies":[{"embeddable":true,"href":"https:\/\/portalmidia.net\/index.php\/wp-json\/wp\/v2\/comments?post=39915"}],"version-history":[{"count":1,"href":"https:\/\/portalmidia.net\/index.php\/wp-json\/wp\/v2\/posts\/39915\/revisions"}],"predecessor-version":[{"id":39921,"href":"https:\/\/portalmidia.net\/index.php\/wp-json\/wp\/v2\/posts\/39915\/revisions\/39921"}],"wp:featuredmedia":[{"embeddable":true,"href":"https:\/\/portalmidia.net\/index.php\/wp-json\/wp\/v2\/media\/39919"}],"wp:attachment":[{"href":"https:\/\/portalmidia.net\/index.php\/wp-json\/wp\/v2\/media?parent=39915"}],"wp:term":[{"taxonomy":"category","embeddable":true,"href":"https:\/\/portalmidia.net\/index.php\/wp-json\/wp\/v2\/categories?post=39915"},{"taxonomy":"post_tag","embeddable":true,"href":"https:\/\/portalmidia.net\/index.php\/wp-json\/wp\/v2\/tags?post=39915"}],"curies":[{"name":"wp","href":"https:\/\/api.w.org\/{rel}","templated":true}]}}