 {"id":39923,"date":"2024-09-25T08:00:15","date_gmt":"2024-09-25T11:00:15","guid":{"rendered":"https:\/\/portalmidia.net\/?p=39923"},"modified":"2024-09-25T08:00:15","modified_gmt":"2024-09-25T11:00:15","slug":"tse-aprova-uso-da-forca-federal-nas-eleicoes-em-cidades-de-12-estados","status":"publish","type":"post","link":"https:\/\/portalmidia.net\/index.php\/2024\/09\/25\/tse-aprova-uso-da-forca-federal-nas-eleicoes-em-cidades-de-12-estados\/","title":{"rendered":"TSE aprova uso da for\u00e7a federal nas elei\u00e7\u00f5es em cidades de 12 estados"},"content":{"rendered":"<p style=\"text-align: justify;\">O Tribunal Superior Eleitoral (TSE) aprovou nesta ter\u00e7a-feira (24) o envio de militares federais para realizar a seguran\u00e7a de locais de vota\u00e7\u00e3o no primeiro turno das elei\u00e7\u00f5es municipais, que ser\u00e1 realizado no dia 6 de outubro.<img decoding=\"async\" src=\"https:\/\/agenciabrasil.ebc.com.br\/ebc.png?id=1613561&amp;o=node\" \/><img decoding=\"async\" src=\"https:\/\/agenciabrasil.ebc.com.br\/ebc.gif?id=1613561&amp;o=node\" \/><\/p>\n<p style=\"text-align: justify;\">Por unanimidade, os ministros aprovaram um pacote de 53 processos para garantir o envio de soldados das For\u00e7as Armadas para munic\u00edpios dos estados de Tocantins, Piau\u00ed, Rio de Janeiro, Mato Grosso do Sul, Amazonas, Cear\u00e1, Maranh\u00e3o, Acre, Mato Grosso, Par\u00e1, Para\u00edba e Rio Grande do Norte.<\/p>\n<p style=\"text-align: justify;\">Durante a sess\u00e3o, a presidente do TSE, C\u00e1rmen L\u00facia, destacou que a requisi\u00e7\u00e3o de for\u00e7as federais \u00e9 um procedimento comum que ocorre em todas as elei\u00e7\u00f5es.<\/p>\n<p style=\"text-align: justify;\">&#8220;Os governadores comunicam aos tribunais regionais eleitorais (TREs) que eles precisam de for\u00e7as federais para garantir a vota\u00e7\u00e3o e a apura\u00e7\u00e3o&#8221;, ressaltou a ministra.<\/p>\n<p style=\"text-align: justify;\">O envio de tropas federais ocorre quando um munic\u00edpio informa \u00e0 Justi\u00e7a Eleitoral que n\u00e3o tem capacidade de garantir a normalidade do pleito com o efetivo policial local.<\/p>\n<p style=\"text-align: justify;\">\n<p style=\"text-align: justify;\">\n<p style=\"text-align: justify;\">\n<p style=\"text-align: justify;\">\n<p style=\"text-align: justify;\">\n<p style=\"text-align: justify;\">agenciabrasil<\/p>\n","protected":false},"excerpt":{"rendered":"<p>O Tribunal Superior Eleitoral (TSE) aprovou nesta ter\u00e7a-feira (24) o envio de militares federais para realizar a seguran\u00e7a de locais de vota\u00e7\u00e3o no primeiro turno das elei\u00e7\u00f5es municipais, que ser\u00e1 realizado no dia 6 de outubro. Por unanimidade, os ministros aprovaram um pacote de 53 processos para garantir o envio de soldados das For\u00e7as Armadas<\/p>\n","protected":false},"author":1,"featured_media":39925,"comment_status":"open","ping_status":"open","sticky":false,"template":"","format":"standard","meta":{"_eb_attr":"","footnotes":""},"categories":[7,3],"tags":[],"class_list":["post-39923","post","type-post","status-publish","format-standard","has-post-thumbnail","hentry","category-destaque","category-politica"],"_links":{"self":[{"href":"https:\/\/portalmidia.net\/index.php\/wp-json\/wp\/v2\/posts\/39923","targetHints":{"allow":["GET"]}}],"collection":[{"href":"https:\/\/portalmidia.net\/index.php\/wp-json\/wp\/v2\/posts"}],"about":[{"href":"https:\/\/portalmidia.net\/index.php\/wp-json\/wp\/v2\/types\/post"}],"author":[{"embeddable":true,"href":"https:\/\/portalmidia.net\/index.php\/wp-json\/wp\/v2\/users\/1"}],"replies":[{"embeddable":true,"href":"https:\/\/portalmidia.net\/index.php\/wp-json\/wp\/v2\/comments?post=39923"}],"version-history":[{"count":1,"href":"https:\/\/portalmidia.net\/index.php\/wp-json\/wp\/v2\/posts\/39923\/revisions"}],"predecessor-version":[{"id":39926,"href":"https:\/\/portalmidia.net\/index.php\/wp-json\/wp\/v2\/posts\/39923\/revisions\/39926"}],"wp:featuredmedia":[{"embeddable":true,"href":"https:\/\/portalmidia.net\/index.php\/wp-json\/wp\/v2\/media\/39925"}],"wp:attachment":[{"href":"https:\/\/portalmidia.net\/index.php\/wp-json\/wp\/v2\/media?parent=39923"}],"wp:term":[{"taxonomy":"category","embeddable":true,"href":"https:\/\/portalmidia.net\/index.php\/wp-json\/wp\/v2\/categories?post=39923"},{"taxonomy":"post_tag","embeddable":true,"href":"https:\/\/portalmidia.net\/index.php\/wp-json\/wp\/v2\/tags?post=39923"}],"curies":[{"name":"wp","href":"https:\/\/api.w.org\/{rel}","templated":true}]}}