 {"id":40109,"date":"2024-09-28T19:04:59","date_gmt":"2024-09-28T22:04:59","guid":{"rendered":"https:\/\/portalmidia.net\/?p=40109"},"modified":"2024-09-28T19:04:59","modified_gmt":"2024-09-28T22:04:59","slug":"neste-domingo-29-09-vamos-juntos-com-raniery-paulino-10-e-dra-flavia-paredes-em-mais-um-grande-arrastao","status":"publish","type":"post","link":"https:\/\/portalmidia.net\/index.php\/2024\/09\/28\/neste-domingo-29-09-vamos-juntos-com-raniery-paulino-10-e-dra-flavia-paredes-em-mais-um-grande-arrastao\/","title":{"rendered":"Neste domingo, 29\/09, vamos juntos com Raniery Paulino 10 e Dra. Fl\u00e1via Paredes em mais um grande ARRAST\u00c3O!"},"content":{"rendered":"<p style=\"text-align: justify;\">\u00a0\ud83d\udd25<br \/>\nA concentra\u00e7\u00e3o ser\u00e1 \u00e0s 15h10, na Pra\u00e7a Lima e Moura. A energia est\u00e1 garantida para percorrer as ruas da cidade e levar a mensagem de esperan\u00e7a e transforma\u00e7\u00e3o! \ud83c\udf1f<\/p>\n<p>\ud83d\uddfa\ufe0f Roteiro do Arrasta 10:<br \/>\n\ud83d\udccd Partida: Av. Dom Pedro II<\/p>\n<p>\u2022 Av. Padre In\u00e1cio de Almeida<br \/>\n\u2022 R. Ver. Severino Bezerra<br \/>\n\u2022 R. Jo\u00e3o Pimentel Filho<br \/>\n\u2022 R. Col\u00f4mbia<br \/>\n\u2022 R. Brasil (Bairros das na\u00e7\u00f5es)<br \/>\n\u2022 R. Paraguai (Bairro das na\u00e7\u00f5es)<br \/>\n\u2022 R. Sta Isabel (Nordeste)<br \/>\n\u2022 R. Carm\u00e9lia Guedes<br \/>\n\u2022 R. Amaro Guedes<br \/>\n\u2022 R. Hermenegildo Cunha<br \/>\n\u2022 R. Jo\u00e3o Pacheco<br \/>\n\u2022 R. Pref. Manoel Lord\u00e3o<br \/>\n\u2022 R. Abdom Paiva<br \/>\n\u2022 R. Ruy de Freitas Albuquerque<br \/>\n\u2022 R. Hermenegildo de Almeida<br \/>\n\u2022 R. S\u00e3o Lu\u00eds<br \/>\n\u2022 R. Ant\u00f4nio Feliciano<br \/>\n\u2022 R. Get\u00falio Vargas<br \/>\n\ud83d\udccd Destino: Av. Dom Pedro II<\/p>\n<p>Vamos juntos caminhar pelo futuro que queremos para nossa cidade! \ud83d\udcaa<\/p>\n<p>&nbsp;<\/p>\n<p>https:\/\/www.instagram.com\/reel\/DAbW4caOMF6\/?utm_source=ig_web_copy_link<\/p>\n","protected":false},"excerpt":{"rendered":"<p>\u00a0\ud83d\udd25 A concentra\u00e7\u00e3o ser\u00e1 \u00e0s 15h10, na Pra\u00e7a Lima e Moura. A energia est\u00e1 garantida para percorrer as ruas da cidade e levar a mensagem de esperan\u00e7a e transforma\u00e7\u00e3o! \ud83c\udf1f \ud83d\uddfa\ufe0f Roteiro do Arrasta 10: \ud83d\udccd Partida: Av. Dom Pedro II \u2022 Av. Padre In\u00e1cio de Almeida \u2022 R. Ver. Severino Bezerra \u2022 R. Jo\u00e3o<\/p>\n","protected":false},"author":1,"featured_media":40110,"comment_status":"open","ping_status":"open","sticky":false,"template":"","format":"standard","meta":{"_eb_attr":"","footnotes":""},"categories":[7,3],"tags":[],"class_list":["post-40109","post","type-post","status-publish","format-standard","has-post-thumbnail","hentry","category-destaque","category-politica"],"_links":{"self":[{"href":"https:\/\/portalmidia.net\/index.php\/wp-json\/wp\/v2\/posts\/40109","targetHints":{"allow":["GET"]}}],"collection":[{"href":"https:\/\/portalmidia.net\/index.php\/wp-json\/wp\/v2\/posts"}],"about":[{"href":"https:\/\/portalmidia.net\/index.php\/wp-json\/wp\/v2\/types\/post"}],"author":[{"embeddable":true,"href":"https:\/\/portalmidia.net\/index.php\/wp-json\/wp\/v2\/users\/1"}],"replies":[{"embeddable":true,"href":"https:\/\/portalmidia.net\/index.php\/wp-json\/wp\/v2\/comments?post=40109"}],"version-history":[{"count":1,"href":"https:\/\/portalmidia.net\/index.php\/wp-json\/wp\/v2\/posts\/40109\/revisions"}],"predecessor-version":[{"id":40111,"href":"https:\/\/portalmidia.net\/index.php\/wp-json\/wp\/v2\/posts\/40109\/revisions\/40111"}],"wp:featuredmedia":[{"embeddable":true,"href":"https:\/\/portalmidia.net\/index.php\/wp-json\/wp\/v2\/media\/40110"}],"wp:attachment":[{"href":"https:\/\/portalmidia.net\/index.php\/wp-json\/wp\/v2\/media?parent=40109"}],"wp:term":[{"taxonomy":"category","embeddable":true,"href":"https:\/\/portalmidia.net\/index.php\/wp-json\/wp\/v2\/categories?post=40109"},{"taxonomy":"post_tag","embeddable":true,"href":"https:\/\/portalmidia.net\/index.php\/wp-json\/wp\/v2\/tags?post=40109"}],"curies":[{"name":"wp","href":"https:\/\/api.w.org\/{rel}","templated":true}]}}