 {"id":40129,"date":"2024-09-28T21:35:55","date_gmt":"2024-09-29T00:35:55","guid":{"rendered":"https:\/\/portalmidia.net\/?p=40129"},"modified":"2024-09-28T21:35:55","modified_gmt":"2024-09-29T00:35:55","slug":"equipe-rompe-com-mc-ryan-sp-e-evento-cancela-show-apos-agressao-a-ex","status":"publish","type":"post","link":"https:\/\/portalmidia.net\/index.php\/2024\/09\/28\/equipe-rompe-com-mc-ryan-sp-e-evento-cancela-show-apos-agressao-a-ex\/","title":{"rendered":"Equipe rompe com MC Ryan SP e evento cancela show ap\u00f3s agress\u00e3o \u00e0 ex"},"content":{"rendered":"<p style=\"text-align: justify;\">\n<p style=\"text-align: justify;\">\n<p style=\"text-align: justify;\">Ap\u00f3s\u00a0<a href=\"https:\/\/www.metropoles.com\/colunas\/fabia-oliveira\/ex-mulher-apos-agressao-de-mc-ryan-sp-nao-e-uma-pessoa-ruim\" target=\"_blank\" rel=\"noopener\">vir \u00e0 tona imagens<\/a>\u00a0de\u00a0<a href=\"https:\/\/www.metropoles.com\/colunas\/fabia-oliveira\/veja-o-momento-em-que-mc-ryan-sp-agride-a-mae-de-sua-filha\" target=\"_blank\" rel=\"noopener\">MC Ryan SP<\/a>\u00a0agredindo a ex-esposa e m\u00e3e da sua filha,\u00a0<a href=\"https:\/\/www.instagram.com\/giroquue\/?hl=pt-br\" target=\"_blank\" rel=\"noopener\">Giovanna Roque<\/a>, a equipe do cantor tomou uma decis\u00e3o. Na noite de sexta-feira (27\/9), a assessoria do artista comunicou que n\u00e3o trabalha mais com ele. Al\u00e9m disso, o funkeiro teve um show cancelado em um festival no Paran\u00e1.<\/p>\n<p style=\"text-align: justify;\">A Caldi Comunica\u00e7\u00e3o fez uma publica\u00e7\u00e3o nas redes sociais relatando a decis\u00e3o. \u201cComunicado: informamos que a Caldi Comunica\u00e7\u00e3o n\u00e3o responde mais pela assessoria de imprensa do artista MC Ryan SP\u201d, escreveu, sem dar mais explica\u00e7\u00f5es.<\/p>\n<p style=\"text-align: justify;\">J\u00e1 o perfil oficial da Maring\u00e1 Folia, evento que acontece em Maring\u00e1, no Paran\u00e1, anunciou o cancelamento da apresenta\u00e7\u00e3o. Atrav\u00e9s de uma nota oficial, foi comunicado que a decis\u00e3o aconteceu ap\u00f3s uma \u201can\u00e1lise cuidadosa da situa\u00e7\u00e3o\u201d. O show aconteceria neste s\u00e1bado (28\/9).<\/p>\n<p style=\"text-align: justify;\"><img decoding=\"async\" src=\"https:\/\/fly.metroimg.com\/upload\/q_85,w_600\/https:\/\/uploads.metroimg.com\/wp-content\/uploads\/2024\/09\/27171318\/MC-Ryan-SP-agredindo-Giovanna-Roque-mae-de-sua-filha.jpg\" \/><\/p>\n<p style=\"text-align: justify;\">\u201cNa tarde desta sexta-feira, assim que as not\u00edcias envolvendo o artista MC Ryan SP se tornaram p\u00fablicas, entramos em contato imediato com sua equipe de produ\u00e7\u00e3o, que nos atendeu prontamente. Ap\u00f3s uma an\u00e1lise cuidadosa da situa\u00e7\u00e3o, decidimos cancelar a apresenta\u00e7\u00e3o do MC Ryan SP na Maring\u00e1 Folia, programada para este s\u00e1bado, 28 de setembro\u201d, escreveram.<\/p>\n<p style=\"text-align: justify;\">\u201cCom menos de 24 horas at\u00e9 o evento, nossa equipe est\u00e1 trabalhando cuidadosamente para ajustar a lineup e garantir a melhor experi\u00eancia poss\u00edvel ao p\u00fablico. Novas informa\u00e7\u00f5es ser\u00e3o divulgadas em breve. Agradecemos a compreens\u00e3o de todos\u201d, completaram.<\/p>\n<div class=\"\" style=\"text-align: justify;\">\n<div id=\"teads-ad-1\"><\/div>\n<\/div>\n<p style=\"text-align: justify;\"><iframe id=\"instagram-embed-0\" class=\"instagram-media instagram-media-rendered\" src=\"https:\/\/www.instagram.com\/p\/DAcLyiXRqc6\/embed\/captioned\/?cr=1&amp;v=14&amp;wp=540&amp;rd=https%3A%2F%2Fwww.metropoles.com&amp;rp=%2Fcolunas%2Ffabia-oliveira%2Fequipe-rompe-com-mc-ryan-sp-e-evento-cancela-show-apos-agressao-a-ex#%7B%22ci%22%3A0%2C%22os%22%3A951.6000000238419%2C%22ls%22%3A28.19999998807907%2C%22le%22%3A945.3000000119209%7D\" height=\"1238\" frameborder=\"0\" scrolling=\"no\" allowfullscreen=\"allowfullscreen\" data-instgrm-payload-id=\"instagram-media-payload-0\" data-mce-fragment=\"1\"><\/iframe><\/p>\n<p style=\"text-align: justify;\">\n<div class=\"m-banner-wrap m-banner-rectangle m-publicity-content-middle\" style=\"text-align: justify;\">\n<div id=\"denakop-ad-square-1\">\n<div id=\"denakop-square-4915\" data-google-query-id=\"CJuigIz05ogDFc8GuQYdrjcsDg\">\n<h4>A agress\u00e3o de MC Ryan SP<\/h4>\n<p>Uma bomba explodiu na \u00faltima sexta-feira (27\/9) contra MC Ryan SP. O funkeiro foi flagrado, pelas c\u00e2meras de seguran\u00e7a da sua pr\u00f3pria resid\u00eancia, agredindo Giovanna Roque, tr\u00eas meses depois dela dar luz Zoe, de nove meses, primeira filha do casal.<\/p>\n<p>O epis\u00f3dio de viol\u00eancia dom\u00e9stica aconteceu em abril deste ano e foi exposto pelo portal LeoDias. Nas fotos compartilhadas pelo ve\u00edculo, Ryan aparece em meio a roupas jogadas no ch\u00e3o, dentro de um closet, dando um chute em Giovanna, que est\u00e1 abaixada no ch\u00e3o.<\/p>\n<\/div>\n<\/div>\n<\/div>\n<p style=\"text-align: justify;\">Procurado para falar sobre o epis\u00f3dio de viol\u00eancia dom\u00e9stica, o artista confirmou ter agredido a modelo. \u201cSei que errei\u201d, se limitou a dizer.<\/p>\n<p style=\"text-align: justify;\">Num v\u00eddeo compartilhado no Instagram,<a href=\"https:\/\/www.metropoles.com\/colunas\/fabia-oliveira\/ex-mulher-de-mc-ryan-sp-se-pronuncia-sobre-agressao\" target=\"_blank\" rel=\"noopener\">\u00a0Giovanna se pronunciou<\/a>\u00a0e afirmou que os dois haviam discutido por conta de um vacilo do funkeiro, que \u201ctinha aprontado\u201d.<\/p>\n<p style=\"text-align: justify;\">\u201cA \u00faltima coisa que eu queria era vim me pronunciar sobre isso. Queria deixar claro que o Ryan n\u00e3o \u00e9 essa pessoa ruim que voc\u00eas est\u00e3o pensando que ele \u00e9. Ocorreu sim uma discuss\u00e3o, depois do \u00faltimo t\u00e9rmino que a gente teve\u201d, come\u00e7ou a m\u00e3e de Zoe, de nove meses, filha do ex-casal.<\/p>\n<p style=\"text-align: justify;\">Giovanna continuou: \u201cO Ryan tinha aprontado e nesse dia eu perdi muito a cabe\u00e7a, fiquei nervosa. Eu quebrei o telefone dele, parti pra cima dele. E a\u00ed ele ficou muito nervoso com essas coisas e veio pra cima de mim tamb\u00e9m. A gente deu abertura pro inimigo, isso nunca aconteceu antes\u201d.<\/p>\n<p style=\"text-align: justify;\">No desabafo, Roque garantiu que existe um compl\u00f4 contra o relacionamento dela com o cantor. \u201cInfelizmente, algum infeliz, alguma pessoa que fica tentando prejudicar a gente [divulgou]. Isso [a agress\u00e3o] \u00e9 de tempos. Desde que eu conheci o Ryan, eu vivo o caos na minha vida. \u00c9 gente inventando coisas, fake. \u00c9 uma situa\u00e7\u00e3o que foge do controle\u201d, ressaltou.<\/p>\n<p style=\"text-align: justify;\">E completou: \u201cAgora, entraram nas c\u00e2meras da casa dele. \u00c9 uma persegui\u00e7\u00e3o absurda. Eu oro, coloco meu joelho no ch\u00e3o e vem coisas de fora para fazer inferno na nossa vida. Eu n\u00e3o tenho paz. Eu tenho prop\u00f3sito, eu acredito no prop\u00f3sito da fam\u00edlia. Isso que voc\u00eas est\u00e3o vendo foi uma \u00fanica situa\u00e7\u00e3o\u201d.<\/p>\n<p style=\"text-align: justify;\">Giovanna Roque defendeu o ex-marido, alegando que querem interferir na vida deles. \u201cUma pessoa muito infeliz, suja, enviou [o v\u00eddeo] para uma p\u00e1gina de fofoca para prejudicar n\u00f3s dois, para prejudicar ele. Pra querer envergonhar ele, me envergonhar. Porque isso \u00e9 o c\u00famulo. \u00c9 vergonhoso\u201d, pontuou.<\/p>\n<p style=\"text-align: justify;\">A modelo refor\u00e7ou que houve um conflito antes dela levar um chute do artista: \u201cEu n\u00e3o sou coitada. A gente realmente brigou, como qualquer outra pessoa. Voc\u00eas tamb\u00e9m t\u00eam a vida de voc\u00eas. Todo mundo tem sua vida e acontece de ter atrito, confus\u00f5es dentro de casa. A gente teve a nossa vida, nossa privacidade exposta\u201d.<\/p>\n<p style=\"text-align: justify;\">\n<p style=\"text-align: justify;\">metropoles<\/p>\n","protected":false},"excerpt":{"rendered":"<p>Ap\u00f3s\u00a0vir \u00e0 tona imagens\u00a0de\u00a0MC Ryan SP\u00a0agredindo a ex-esposa e m\u00e3e da sua filha,\u00a0Giovanna Roque, a equipe do cantor tomou uma decis\u00e3o. Na noite de sexta-feira (27\/9), a assessoria do artista comunicou que n\u00e3o trabalha mais com ele. Al\u00e9m disso, o funkeiro teve um show cancelado em um festival no Paran\u00e1. A Caldi Comunica\u00e7\u00e3o fez uma<\/p>\n","protected":false},"author":1,"featured_media":40132,"comment_status":"open","ping_status":"open","sticky":false,"template":"","format":"standard","meta":{"_eb_attr":"","footnotes":""},"categories":[7,11],"tags":[],"class_list":["post-40129","post","type-post","status-publish","format-standard","has-post-thumbnail","hentry","category-destaque","category-famosos"],"_links":{"self":[{"href":"https:\/\/portalmidia.net\/index.php\/wp-json\/wp\/v2\/posts\/40129","targetHints":{"allow":["GET"]}}],"collection":[{"href":"https:\/\/portalmidia.net\/index.php\/wp-json\/wp\/v2\/posts"}],"about":[{"href":"https:\/\/portalmidia.net\/index.php\/wp-json\/wp\/v2\/types\/post"}],"author":[{"embeddable":true,"href":"https:\/\/portalmidia.net\/index.php\/wp-json\/wp\/v2\/users\/1"}],"replies":[{"embeddable":true,"href":"https:\/\/portalmidia.net\/index.php\/wp-json\/wp\/v2\/comments?post=40129"}],"version-history":[{"count":1,"href":"https:\/\/portalmidia.net\/index.php\/wp-json\/wp\/v2\/posts\/40129\/revisions"}],"predecessor-version":[{"id":40134,"href":"https:\/\/portalmidia.net\/index.php\/wp-json\/wp\/v2\/posts\/40129\/revisions\/40134"}],"wp:featuredmedia":[{"embeddable":true,"href":"https:\/\/portalmidia.net\/index.php\/wp-json\/wp\/v2\/media\/40132"}],"wp:attachment":[{"href":"https:\/\/portalmidia.net\/index.php\/wp-json\/wp\/v2\/media?parent=40129"}],"wp:term":[{"taxonomy":"category","embeddable":true,"href":"https:\/\/portalmidia.net\/index.php\/wp-json\/wp\/v2\/categories?post=40129"},{"taxonomy":"post_tag","embeddable":true,"href":"https:\/\/portalmidia.net\/index.php\/wp-json\/wp\/v2\/tags?post=40129"}],"curies":[{"name":"wp","href":"https:\/\/api.w.org\/{rel}","templated":true}]}}