 {"id":40413,"date":"2024-10-03T09:22:06","date_gmt":"2024-10-03T12:22:06","guid":{"rendered":"https:\/\/portalmidia.net\/?p=40413"},"modified":"2024-10-03T09:50:19","modified_gmt":"2024-10-03T12:50:19","slug":"justica-determina-que-primeira-dama-de-joao-pessoa-volte-a-usar-tornozeleira-eletronica","status":"publish","type":"post","link":"https:\/\/portalmidia.net\/index.php\/2024\/10\/03\/justica-determina-que-primeira-dama-de-joao-pessoa-volte-a-usar-tornozeleira-eletronica\/","title":{"rendered":"Justi\u00e7a determina que primeira-dama de Jo\u00e3o Pessoa volte a usar tornozeleira eletr\u00f4nica"},"content":{"rendered":"<div id=\"chunk-cspgp\">\n<div class=\"mc-column content-text active-extra-styles \" data-block-type=\"unstyled\" data-block-weight=\"71\" data-block-id=\"2\">\n<p class=\" content-text__container \" style=\"text-align: justify;\" data-track-category=\"Link no Texto\" data-track-links=\"\" data-mrf-recirculation=\"Article links\">O Tribunal Regional Eleitoral da Para\u00edba (TRE-PB) decidiu, nesta quarta-feira (2), que a primeira dama de\u00a0<a class=\"\" href=\"https:\/\/g1.globo.com\/pb\/paraiba\/cidade\/joao-pessoa\/\" data-mrf-link=\"https:\/\/g1.globo.com\/pb\/paraiba\/cidade\/joao-pessoa\/\">Jo\u00e3o Pessoa<\/a>, Laurem\u00edlia Lucena, deve voltar a usar tornozeleira eletr\u00f4nica.\u00a0<a class=\"\" href=\"https:\/\/g1.globo.com\/pb\/paraiba\/noticia\/2024\/09\/28\/policia-federal-prende-lauremilia-lucena-primeira-dama-de-joao-pessoa.ghtml\" data-mrf-link=\"https:\/\/g1.globo.com\/pb\/paraiba\/noticia\/2024\/09\/28\/policia-federal-prende-lauremilia-lucena-primeira-dama-de-joao-pessoa.ghtml\">Presa pela Pol\u00edcia Federal no s\u00e1bado (28)\u00a0<\/a>durante uma opera\u00e7\u00e3o para combater o crime de aliciamento violento de eleitores e organiza\u00e7\u00e3o criminosa nas elei\u00e7\u00f5es municipais,\u00a0<a class=\"\" href=\"https:\/\/g1.globo.com\/pb\/paraiba\/noticia\/2024\/09\/28\/policia-federal-prende-lauremilia-lucena-primeira-dama-de-joao-pessoa.ghtml\" data-mrf-link=\"https:\/\/g1.globo.com\/pb\/paraiba\/noticia\/2024\/09\/28\/policia-federal-prende-lauremilia-lucena-primeira-dama-de-joao-pessoa.ghtml\">Laurem\u00edlia deixou a Penitenci\u00e1ria J\u00falia Maranh\u00e3o ap\u00f3s a revoga\u00e7\u00e3o de sua pris\u00e3o<\/a>, mas uma s\u00e9rie de medidas cautelares foram impostas.<\/p>\n<\/div>\n<\/div>\n<div class=\"wall protected-content\" style=\"text-align: justify;\">\n<div id=\"chunk-61fp2\">\n<div class=\"mc-column content-text active-extra-styles \" data-block-type=\"unstyled\" data-block-weight=\"46\" data-block-id=\"4\">\n<p class=\" content-text__container \" data-track-category=\"Link no Texto\" data-track-links=\"\" data-mrf-recirculation=\"Article links\">Em decis\u00e3o monocr\u00e1tica nesta ter\u00e7a-feira (1\u00ba),\u00a0<a class=\"\" href=\"https:\/\/g1.globo.com\/pb\/paraiba\/noticia\/2024\/10\/01\/justica-lauremilia-lucena-primeira-dama-de-joao-pessoa-tornozeleira.ghtml\" data-mrf-link=\"https:\/\/g1.globo.com\/pb\/paraiba\/noticia\/2024\/10\/01\/justica-lauremilia-lucena-primeira-dama-de-joao-pessoa-tornozeleira.ghtml\">o juiz Silvanildo Torres Ferreira n\u00e3o encontrou motiva\u00e7\u00e3o para a manuten\u00e7\u00e3o do monitoramento eletr\u00f4nico<\/a>\u00a0e decidiu que a primeira-dama n\u00e3o precisava usar a tornozeleira, que havia sido imposta pela ju\u00edza Maria F\u00e1tima Ramalho, da 64\u00aa Zona Eleitoral de Jo\u00e3o Pessoa.<\/p>\n<\/div>\n<\/div>\n<div id=\"chunk-46kdr\">\n<div class=\"content-ads content-ads--reveal\" data-block-type=\"ads\" data-block-id=\"5\"><\/div>\n<\/div>\n<div id=\"chunk-2pjlv\">\n<div class=\"mc-column content-text active-extra-styles \" data-block-type=\"unstyled\" data-block-weight=\"38\" data-block-id=\"6\">\n<p class=\" content-text__container \" data-track-category=\"Link no Texto\" data-track-links=\"\" data-mrf-recirculation=\"Article links\">A revis\u00e3o da decis\u00e3o foi solicitada pelo juiz F\u00e1bio Leandro, que apontou o risco da revoga\u00e7\u00e3o da medida cautelar para o equil\u00edbrio do pleito. Ele foi seguido pelos ju\u00edzes Maria Cristina Santiago, Bruno Teixeira Paiva e Roberto D\u2019Horn.<\/p>\n<\/div>\n<\/div>\n<div id=\"chunk-9ko8s\">\n<div class=\"mc-column content-text active-extra-styles \" data-block-type=\"unstyled\" data-block-weight=\"30\" data-block-id=\"7\">\n<p class=\" content-text__container \" data-track-category=\"Link no Texto\" data-track-links=\"\" data-mrf-recirculation=\"Article links\">O desembargador Oswaldo Trigueiro do Vale tamb\u00e9m se manifestou a favor da revoga\u00e7\u00e3o da medida, afirmando que a tornozeleira eletr\u00f4nica facilitaria o acompanhamento das outras medidas cautelares impostas \u00e0 primeira-dama.<\/p>\n<\/div>\n<\/div>\n<div id=\"chunk-a4efe\">\n<div class=\"mc-column content-text active-extra-styles \" data-block-type=\"unstyled\" data-block-weight=\"36\" data-block-id=\"8\">\n<p class=\" content-text__container \" data-track-category=\"Link no Texto\" data-track-links=\"\" data-mrf-recirculation=\"Article links\">O uso da tornozeleira eletr\u00f4nica foi uma das medidas cautelares determinadas pela ju\u00edza Maria de F\u00e1tima L\u00facia Ramalho, em substitui\u00e7\u00e3o \u00e0 pris\u00e3o preventiva de Laurem\u00edlia Lucena, no \u00e2mbito da Opera\u00e7\u00e3o Territ\u00f3rio Livre. As medidas cautelares s\u00e3o:<\/p>\n<\/div>\n<\/div>\n<div id=\"chunk-2va7b\">\n<div class=\"mc-column content-text active-extra-styles\" data-block-type=\"raw\" data-block-weight=\"84\" data-block-id=\"9\">\n<ul class=\"content-unordered-list\" data-mrf-recirculation=\"Recomendado\">\n<li>1\u00ba) proibi\u00e7\u00e3o de acessar ou frequentar os bairros S\u00e3o Jos\u00e9 e Alto do Mateus, bem como \u00f3rg\u00e3os p\u00fablicos ligados ao Munic\u00edpio de Jo\u00e3o Pessoa, em especial a prefeitura municipal;<\/li>\n<li>2\u00ba) proibi\u00e7\u00e3o de manter contato com os demais investigados;<\/li>\n<li>3\u00ba) proibi\u00e7\u00e3o de ausentar-se da Comarca de Jo\u00e3o Pessoa por mais de 8 (oito) dias sem comunica\u00e7\u00e3o pr\u00e9via a este ju\u00edzo;<\/li>\n<li>4\u00ba) recolhimento domiciliar no per\u00edodo noturno e nos dias de folga, das 20 horas \u00e0s 6 horas da manh\u00e3;<\/li>\n<li>5\u00ba) monitora\u00e7\u00e3o eletr\u00f4nica, atrav\u00e9s de tornozeleira.<\/li>\n<\/ul>\n<p>&nbsp;<\/p>\n<\/div>\n<\/div>\n<div id=\"chunk-dvubc\">\n<div class=\"mc-column content-text active-extra-styles\" data-block-type=\"raw\" data-block-weight=\"11\" data-block-id=\"10\">\n<div class=\"content-intertitle\">\n<h2>Justi\u00e7a nega ilegalidade de busca e apreens\u00e3o na casa de Laurem\u00edlia<\/h2>\n<\/div>\n<\/div>\n<div id=\"chunk-hc9h\">\n<div class=\"mc-column content-text active-extra-styles \" data-block-type=\"unstyled\" data-block-weight=\"70\" data-block-id=\"13\">\n<p class=\" content-text__container \" data-track-category=\"Link no Texto\" data-track-links=\"\" data-mrf-recirculation=\"Article links\">Na sess\u00e3o desta quarta-feira (2), o TRE- PB tamb\u00e9m afirmou que n\u00e3o houve ilegalidade na busca e apreens\u00e3o realizada na resid\u00eancia da primeira-dama de Jo\u00e3o Pessoa, mas ordenou a devolu\u00e7\u00e3o dos documentos apreendidos. Os celulares de Laurem\u00edlia Lucena v\u00e3o permanecer sob a cust\u00f3dia da Pol\u00edcia Federal. A decis\u00e3o se baseou no fato de que o endere\u00e7o tamb\u00e9m pertence ao prefeito C\u00edcero Lucena (PP), marido de Laurem\u00edlia, que possui foro privilegiado.<\/p>\n<\/div>\n<\/div>\n<div id=\"chunk-agrk9\">\n<div class=\"mc-column content-text active-extra-styles \" data-block-type=\"unstyled\" data-block-weight=\"24\" data-block-id=\"14\">\n<p class=\" content-text__container \" data-track-category=\"Link no Texto\" data-track-links=\"\" data-mrf-recirculation=\"Article links\">Durante o cumprimento do mandado de busca e apreens\u00e3o, realizado no \u00faltimo s\u00e1bado (28), celulares e envelopes contendo documentos foram recolhidos pela Pol\u00edcia Federal.<\/p>\n<\/div>\n<\/div>\n<div id=\"chunk-bffdr\">\n<div class=\"mc-column content-text active-extra-styles \" data-block-type=\"unstyled\" data-block-weight=\"45\" data-block-id=\"15\">\n<p class=\" content-text__container \" data-track-category=\"Link no Texto\" data-track-links=\"\" data-mrf-recirculation=\"Article links\">A legalidade da a\u00e7\u00e3o foi questionada pelos advogados de Laurem\u00edlia, que alegaram que a resid\u00eancia alvo da opera\u00e7\u00e3o \u00e9 a mesma do prefeito C\u00edcero Lucena, que tem foro privilegiado e n\u00e3o \u00e9 investigado. Segundo a defesa, apenas o TRE teria compet\u00eancia para determinar a busca.<\/p>\n<\/div>\n<\/div>\n<div id=\"chunk-2d2ss\">\n<div class=\"mc-column content-text active-extra-styles \" data-block-type=\"unstyled\" data-block-weight=\"41\" data-block-id=\"16\">\n<p class=\" content-text__container \" data-track-category=\"Link no Texto\" data-track-links=\"\" data-mrf-recirculation=\"Article links\">O desembargador Oswaldo Trigueiro do Valle Filho, relator do recurso apresentado pela defesa, seguiu o parecer do Minist\u00e9rio P\u00fablico Eleitoral, votando pela manuten\u00e7\u00e3o da apreens\u00e3o dos dois celulares de Laurem\u00edlia, mas determinou a devolu\u00e7\u00e3o dos documentos apreendidos no quarto do casal.<\/p>\n<\/div>\n<\/div>\n<div id=\"chunk-8ho7c\">\n<div class=\"mc-column content-text active-extra-styles \" data-block-type=\"unstyled\" data-block-weight=\"43\" data-block-id=\"17\">\n<p class=\" content-text__container \" data-track-category=\"Link no Texto\" data-track-links=\"\" data-mrf-recirculation=\"Article links\">O colegiado do TRE-PB concordou que a busca foi legal, por\u00e9m tamb\u00e9m decidiu pela devolu\u00e7\u00e3o dos documentos, uma vez que n\u00e3o seria poss\u00edvel identificar se pertenciam a Laurem\u00edlia ou C\u00edcero Lucena. A apreens\u00e3o dos celulares da primeira-dama tamb\u00e9m foi mantida pelos ju\u00edzes.<\/p>\n<\/div>\n<\/div>\n<div id=\"chunk-ctn4k\">\n<div class=\"content-ads content-ads--reveal\" data-block-type=\"ads\" data-block-id=\"18\"><\/div>\n<\/div>\n<div id=\"chunk-fd892\">\n<div class=\"mc-column content-text active-extra-styles \" data-block-type=\"unstyled\" data-block-weight=\"53\" data-block-id=\"19\">\n<p class=\" content-text__container \" data-track-category=\"Link no Texto\" data-track-links=\"\" data-mrf-recirculation=\"Article links\">Nesta segunda-feira (30), a an\u00e1lise do material apreendido nas buscas feitas pela Pol\u00edcia Federal no endere\u00e7o da primeira-dama de Jo\u00e3o Pessoa, Laurem\u00edlia Lucena, foi suspensa at\u00e9 o julgamento de m\u00e9rito. A decis\u00e3o do desembargador Oswaldo Trigueiro do Vale teve por base o entendimento de que o endere\u00e7o \u00e9 tamb\u00e9m do prefeito C\u00edcero Lucena.<\/p>\n<\/div>\n<\/div>\n<div id=\"chunk-4q30d\">\n<div class=\"mc-column content-text active-extra-styles\" data-block-type=\"raw\" data-block-weight=\"10\" data-block-id=\"20\">\n<div class=\"content-intertitle\">\n<h2>Primeira-dama de Jo\u00e3o Pessoa \u00e9 alvo de opera\u00e7\u00e3o da PF<\/h2>\n<\/div>\n<p>&nbsp;<\/p>\n<\/div>\n<\/div>\n<div id=\"chunk-7cr3s\">\n<div class=\"mc-column content-text active-extra-styles \" data-block-type=\"unstyled\" data-block-weight=\"34\" data-block-id=\"21\">\n<p class=\" content-text__container \" data-track-category=\"Link no Texto\" data-track-links=\"\" data-mrf-recirculation=\"Article links\">A primeira-dama foi presa no \u00faltimo s\u00e1bado (28),\u00a0<a class=\"\" href=\"https:\/\/g1.globo.com\/pb\/paraiba\/noticia\/2024\/09\/28\/policia-federal-prende-lauremilia-lucena-primeira-dama-de-joao-pessoa.ghtml[\" data-mrf-link=\"https:\/\/g1.globo.com\/pb\/paraiba\/noticia\/2024\/09\/28\/policia-federal-prende-lauremilia-lucena-primeira-dama-de-joao-pessoa.ghtml[\">no \u00e2mbito da 3\u00aa fase parte da Opera\u00e7\u00e3o Territ\u00f3rio Livre<\/a>, da Pol\u00edcia Federal, com o apoio do GAECO (Grupo de Atua\u00e7\u00e3o Especial Contra o Crime Organizado).<\/p>\n<\/div>\n<\/div>\n<div id=\"chunk-11ea9\">\n<div class=\"mc-column content-text active-extra-styles \" data-block-type=\"unstyled\" data-block-weight=\"33\" data-block-id=\"22\">\n<p class=\" content-text__container \" data-track-category=\"Link no Texto\" data-track-links=\"\" data-mrf-recirculation=\"Article links\">A opera\u00e7\u00e3o combate aliciamento violento de eleitores e organiza\u00e7\u00e3o criminosa nas elei\u00e7\u00f5es municipais. Laurem\u00edlia \u00e9 esposa de C\u00edcero Lucena, atual prefeito de Jo\u00e3o Pessoa que tenta reelei\u00e7\u00e3o. Ele n\u00e3o \u00e9 citado na opera\u00e7\u00e3o.<\/p>\n<\/div>\n<\/div>\n<div id=\"chunk-9qgbk\">\n<div class=\"mc-column content-text active-extra-styles \" data-block-type=\"unstyled\" data-block-weight=\"40\" data-block-id=\"23\">\n<p class=\" content-text__container \" data-track-category=\"Link no Texto\" data-track-links=\"\" data-mrf-recirculation=\"Article links\">A ju\u00edza que determinou a pris\u00e3o, Maria de F\u00e1tima L\u00facia Ramalho, afirmou, na decis\u00e3o, que Laurem\u00edlia e a secret\u00e1ria Tereza Cristina teriam participa\u00e7\u00e3o ativa em um esquema em acordo com uma fac\u00e7\u00e3o criminosa para influenciar as elei\u00e7\u00f5es municipais de 2024.<\/p>\n<\/div>\n<\/div>\n<div id=\"chunk-2no6a\">\n<div class=\"mc-column content-text active-extra-styles \" data-block-type=\"unstyled\" data-block-weight=\"40\" data-block-id=\"24\">\n<p class=\" content-text__container \" data-track-category=\"Link no Texto\" data-track-links=\"\" data-mrf-recirculation=\"Article links\">Na manh\u00e3 desta ter\u00e7a-feira (1\u00ba), a mesma ju\u00edza revogou a pris\u00e3o de Laurem\u00edlia Lucena e da secret\u00e1ria da primeira-dama, e determinou a aplica\u00e7\u00e3o de medidas cautelares. Em rela\u00e7\u00e3o \u00e0 primeira-dama, todas as medidas cautelares permanecem em vigor. As medidas s\u00e3o:<\/p>\n<\/div>\n<\/div>\n<div id=\"chunk-4a3vs\">\n<div class=\"content-ads content-ads--reveal\" data-block-type=\"ads\" data-block-id=\"25\"><\/div>\n<\/div>\n<div id=\"chunk-423me\">\n<div class=\"mc-column content-text active-extra-styles\" data-block-type=\"raw\" data-block-weight=\"84\" data-block-id=\"26\">\n<ul class=\"content-unordered-list\" data-mrf-recirculation=\"Recomendado\">\n<li>1\u00ba) proibi\u00e7\u00e3o de acessar ou frequentar os bairros S\u00e3o Jos\u00e9 e Alto do Mateus, bem como \u00f3rg\u00e3os p\u00fablicos ligados ao Munic\u00edpio de Jo\u00e3o Pessoa, em especial a prefeitura municipal;<\/li>\n<li>2\u00ba) proibi\u00e7\u00e3o de manter contato com os demais investigados;<\/li>\n<li>3\u00ba) proibi\u00e7\u00e3o de ausentar-se da Comarca de Jo\u00e3o Pessoa por mais de 8 (oito) dias sem comunica\u00e7\u00e3o pr\u00e9via a este ju\u00edzo;<\/li>\n<li>4\u00ba) recolhimento domiciliar no per\u00edodo noturno e nos dias de folga, das 20 horas \u00e0s 6 horas da manh\u00e3;<\/li>\n<li>5\u00ba) monitora\u00e7\u00e3o eletr\u00f4nica, atrav\u00e9s de tornozeleira.<\/li>\n<\/ul>\n<p>&nbsp;<\/p>\n<\/div>\n<\/div>\n<div id=\"chunk-darik\">\n<div class=\"mc-column content-text active-extra-styles \" data-block-type=\"unstyled\" data-block-weight=\"27\" data-block-id=\"27\">\n<p class=\" content-text__container \" data-track-category=\"Link no Texto\" data-track-links=\"\" data-mrf-recirculation=\"Article links\">Laurem\u00edlia Lucena e Tereza Cristina estavam presas na Penitenci\u00e1ria J\u00falia Maranh\u00e3o, em Jo\u00e3o Pessoa, e deixaram a pris\u00e3o por volta das 13 horas desta ter\u00e7a-feira (1\u00ba).<\/p>\n<\/div>\n<\/div>\n<div id=\"chunk-9m601\">\n<div class=\"mc-column content-text active-extra-styles\" data-block-type=\"raw\" data-block-weight=\"3\" data-block-id=\"28\">\n<div class=\"content-intertitle\">\n<h2>Opera\u00e7\u00e3o Territ\u00f3rio Livre<\/h2>\n<\/div>\n<p>&nbsp;<\/p>\n<\/div>\n<\/div>\n<div id=\"chunk-fosj2\">\n<div class=\"mc-column content-text active-extra-styles \" data-block-type=\"unstyled\" data-block-weight=\"51\" data-block-id=\"29\">\n<p class=\" content-text__container \" data-track-category=\"Link no Texto\" data-track-links=\"\" data-mrf-recirculation=\"Article links\">A\u00a0<a class=\"\" href=\"https:\/\/g1.globo.com\/pb\/paraiba\/noticia\/2024\/09\/21\/entenda-operacao-contra-aliciamento-violento-de-eleitores-prisao-vereadora-raissa-lacerda.ghtml\" data-mrf-link=\"https:\/\/g1.globo.com\/pb\/paraiba\/noticia\/2024\/09\/21\/entenda-operacao-contra-aliciamento-violento-de-eleitores-prisao-vereadora-raissa-lacerda.ghtml\"><strong>opera\u00e7\u00e3o \u00e9 batizada de &#8220;Territ\u00f3rio Livre&#8221;<\/strong><\/a>\u00a0em refer\u00eancia \u00e0 liberdade que os eleitores devem ter de ir e vir e tamb\u00e9m de exercer o seu voto. No dia 10 de setembro, uma primeira etapa da opera\u00e7\u00e3o j\u00e1 havia sido realizada. Naquele dia, tr\u00eas mandados de busca e apreens\u00e3o foram cumpridos.<\/p>\n<\/div>\n<\/div>\n<div id=\"chunk-9s9mo\">\n<div class=\"mc-column content-text active-extra-styles \" data-block-type=\"unstyled\" data-block-weight=\"54\" data-block-id=\"30\">\n<p class=\" content-text__container \" data-track-category=\"Link no Texto\" data-track-links=\"\" data-mrf-recirculation=\"Article links\">Essa \u00e9 a mesma opera\u00e7\u00e3o que resultou na pris\u00e3o da vereadora Ra\u00edssa Lacerda (PSB), que j\u00e1 era alvo desde a primeira fase da a\u00e7\u00e3o. Um dos mandados de busca foi cumprido na resid\u00eancia da parlamentar, onde foram apreendidos um aparelho celular e uma quantia em dinheiro. Na \u00e9poca, ela alegou ser v\u00edtima de persegui\u00e7\u00e3o.<\/p>\n<\/div>\n<\/div>\n<\/div>\n<\/div>\n<p style=\"text-align: justify;\" data-track-category=\"Link no Texto\" data-track-links=\"\" data-mrf-recirculation=\"Article links\">G1<\/p>\n","protected":false},"excerpt":{"rendered":"<p>O Tribunal Regional Eleitoral da Para\u00edba (TRE-PB) decidiu, nesta quarta-feira (2), que a primeira dama de\u00a0Jo\u00e3o Pessoa, Laurem\u00edlia Lucena, deve voltar a usar tornozeleira eletr\u00f4nica.\u00a0Presa pela Pol\u00edcia Federal no s\u00e1bado (28)\u00a0durante uma opera\u00e7\u00e3o para combater o crime de aliciamento violento de eleitores e organiza\u00e7\u00e3o criminosa nas elei\u00e7\u00f5es municipais,\u00a0Laurem\u00edlia deixou a Penitenci\u00e1ria J\u00falia Maranh\u00e3o ap\u00f3s a<\/p>\n","protected":false},"author":1,"featured_media":40415,"comment_status":"open","ping_status":"open","sticky":false,"template":"","format":"standard","meta":{"_eb_attr":"","footnotes":""},"categories":[7,13],"tags":[],"class_list":["post-40413","post","type-post","status-publish","format-standard","has-post-thumbnail","hentry","category-destaque","category-noticias"],"_links":{"self":[{"href":"https:\/\/portalmidia.net\/index.php\/wp-json\/wp\/v2\/posts\/40413","targetHints":{"allow":["GET"]}}],"collection":[{"href":"https:\/\/portalmidia.net\/index.php\/wp-json\/wp\/v2\/posts"}],"about":[{"href":"https:\/\/portalmidia.net\/index.php\/wp-json\/wp\/v2\/types\/post"}],"author":[{"embeddable":true,"href":"https:\/\/portalmidia.net\/index.php\/wp-json\/wp\/v2\/users\/1"}],"replies":[{"embeddable":true,"href":"https:\/\/portalmidia.net\/index.php\/wp-json\/wp\/v2\/comments?post=40413"}],"version-history":[{"count":2,"href":"https:\/\/portalmidia.net\/index.php\/wp-json\/wp\/v2\/posts\/40413\/revisions"}],"predecessor-version":[{"id":40450,"href":"https:\/\/portalmidia.net\/index.php\/wp-json\/wp\/v2\/posts\/40413\/revisions\/40450"}],"wp:featuredmedia":[{"embeddable":true,"href":"https:\/\/portalmidia.net\/index.php\/wp-json\/wp\/v2\/media\/40415"}],"wp:attachment":[{"href":"https:\/\/portalmidia.net\/index.php\/wp-json\/wp\/v2\/media?parent=40413"}],"wp:term":[{"taxonomy":"category","embeddable":true,"href":"https:\/\/portalmidia.net\/index.php\/wp-json\/wp\/v2\/categories?post=40413"},{"taxonomy":"post_tag","embeddable":true,"href":"https:\/\/portalmidia.net\/index.php\/wp-json\/wp\/v2\/tags?post=40413"}],"curies":[{"name":"wp","href":"https:\/\/api.w.org\/{rel}","templated":true}]}}