 {"id":41574,"date":"2024-10-25T17:08:47","date_gmt":"2024-10-25T20:08:47","guid":{"rendered":"https:\/\/portalmidia.net\/?p=41574"},"modified":"2024-10-25T17:08:47","modified_gmt":"2024-10-25T20:08:47","slug":"vereador-morre-apos-sofrer-choque-eletrico-em-estabelecimento-no-municipio-de-mataraca-litoral-norte-da-paraiba","status":"publish","type":"post","link":"https:\/\/portalmidia.net\/index.php\/2024\/10\/25\/vereador-morre-apos-sofrer-choque-eletrico-em-estabelecimento-no-municipio-de-mataraca-litoral-norte-da-paraiba\/","title":{"rendered":"Vereador morre ap\u00f3s sofrer choque el\u00e9trico em estabelecimento, no munic\u00edpio de Mataraca, Litoral Norte da Para\u00edba"},"content":{"rendered":"<p style=\"text-align: justify;\">O vereador do munic\u00edpio de Mataraca, no Litoral Norte da Paraiba, Erivan Pereira de Aguiar (Progressistas), popularmente conhecido como Erivan Eletricista, faleceu na manh\u00e3 desta quinta-feira (24) ap\u00f3s sofrer uma descarga el\u00e9trica quando realiza\u00e7\u00e3o manuten\u00e7\u00e3o em um posto de combust\u00edveis na BR-101, no sentido Natal-RN.<\/p>\n<p style=\"text-align: justify;\"><span style=\"text-align: justify;\">Erivan, tinha 47 anos, era eletricista, mas tamb\u00e9m exercia seu primeiro mandato como vereador eleito em 2020. A tr\u00e1gica morte de Erivan foi confirmada pela prefeitura local, que decretou luto oficial.<\/span><\/p>\n<p style=\"text-align: justify;\">Erivan tentou a reelei\u00e7\u00e3o nas \u00faltimas elei\u00e7\u00f5es, mas ficou na supl\u00eancia.<\/p>\n","protected":false},"excerpt":{"rendered":"<p>O vereador do munic\u00edpio de Mataraca, no Litoral Norte da Paraiba, Erivan Pereira de Aguiar (Progressistas), popularmente conhecido como Erivan Eletricista, faleceu na manh\u00e3 desta quinta-feira (24) ap\u00f3s sofrer uma descarga el\u00e9trica quando realiza\u00e7\u00e3o manuten\u00e7\u00e3o em um posto de combust\u00edveis na BR-101, no sentido Natal-RN. Erivan, tinha 47 anos, era eletricista, mas tamb\u00e9m exercia seu<\/p>\n","protected":false},"author":1,"featured_media":41575,"comment_status":"open","ping_status":"open","sticky":false,"template":"","format":"standard","meta":{"_eb_attr":"","footnotes":""},"categories":[7,2],"tags":[],"class_list":["post-41574","post","type-post","status-publish","format-standard","has-post-thumbnail","hentry","category-destaque","category-policial"],"_links":{"self":[{"href":"https:\/\/portalmidia.net\/index.php\/wp-json\/wp\/v2\/posts\/41574","targetHints":{"allow":["GET"]}}],"collection":[{"href":"https:\/\/portalmidia.net\/index.php\/wp-json\/wp\/v2\/posts"}],"about":[{"href":"https:\/\/portalmidia.net\/index.php\/wp-json\/wp\/v2\/types\/post"}],"author":[{"embeddable":true,"href":"https:\/\/portalmidia.net\/index.php\/wp-json\/wp\/v2\/users\/1"}],"replies":[{"embeddable":true,"href":"https:\/\/portalmidia.net\/index.php\/wp-json\/wp\/v2\/comments?post=41574"}],"version-history":[{"count":1,"href":"https:\/\/portalmidia.net\/index.php\/wp-json\/wp\/v2\/posts\/41574\/revisions"}],"predecessor-version":[{"id":41576,"href":"https:\/\/portalmidia.net\/index.php\/wp-json\/wp\/v2\/posts\/41574\/revisions\/41576"}],"wp:featuredmedia":[{"embeddable":true,"href":"https:\/\/portalmidia.net\/index.php\/wp-json\/wp\/v2\/media\/41575"}],"wp:attachment":[{"href":"https:\/\/portalmidia.net\/index.php\/wp-json\/wp\/v2\/media?parent=41574"}],"wp:term":[{"taxonomy":"category","embeddable":true,"href":"https:\/\/portalmidia.net\/index.php\/wp-json\/wp\/v2\/categories?post=41574"},{"taxonomy":"post_tag","embeddable":true,"href":"https:\/\/portalmidia.net\/index.php\/wp-json\/wp\/v2\/tags?post=41574"}],"curies":[{"name":"wp","href":"https:\/\/api.w.org\/{rel}","templated":true}]}}