 {"id":4171,"date":"2023-08-01T09:10:10","date_gmt":"2023-08-01T12:10:10","guid":{"rendered":"https:\/\/portalmidia.net\/?p=4171"},"modified":"2023-08-01T09:10:10","modified_gmt":"2023-08-01T12:10:10","slug":"quem-e-a-modelo-que-viralizou-apos-criticas-por-mostrar-suas-curvas-em-desfile-de-moda","status":"publish","type":"post","link":"https:\/\/portalmidia.net\/index.php\/2023\/08\/01\/quem-e-a-modelo-que-viralizou-apos-criticas-por-mostrar-suas-curvas-em-desfile-de-moda\/","title":{"rendered":"Quem \u00e9 a modelo que viralizou ap\u00f3s cr\u00edticas por mostrar suas curvas em desfile de moda"},"content":{"rendered":"<p style=\"text-align: justify;\">A modelo americana Marissa Dubois, de 28 anos, chamou aten\u00e7\u00e3o da web ap\u00f3s um v\u00eddeo seu desfilando de biqu\u00edni em uma semana de moda na Fl\u00f3rida, nos Estados Unidos, viralizar nas redes sociais. A modelo, que tem um corpo apontado como fora dos estere\u00f3tipos habituais para a profiss\u00e3o, foi chamada de \u201cobesa\u201d por um usu\u00e1rio das redes, o que gerou pol\u00eamica e debate sobre padr\u00f5es de beleza nas redes sociais.<\/p>\n<p style=\"text-align: justify;\">Em uma publica\u00e7\u00e3o feita pela p\u00e1gina \u201cDaily Loud\u201d, o usu\u00e1rio Marcus Wernesson disse que \u201cobesidade n\u00e3o \u00e9 saud\u00e1vel\u201d, indicando que Dubois sofresse da condi\u00e7\u00e3o.<\/p>\n<div class=\"cnnTeads\" style=\"text-align: justify;\"><\/div>\n<p style=\"text-align: justify;\">\u201cObesidade n\u00e3o \u00e9 saud\u00e1vel, n\u00e3o \u00e9 \u2018natural\u2019 e definitivamente n\u00e3o deveria ser normalizada\u201d, escreveu<\/p>\n<div class=\"twitter-tweet twitter-tweet-rendered\" style=\"text-align: justify;\"><iframe id=\"twitter-widget-0\" class=\"\" title=\"Twitter Tweet\" src=\"https:\/\/platform.twitter.com\/embed\/Tweet.html?creatorScreenName=CNNBrasil&amp;dnt=true&amp;embedId=twitter-widget-0&amp;features=eyJ0ZndfdGltZWxpbmVfbGlzdCI6eyJidWNrZXQiOltdLCJ2ZXJzaW9uIjpudWxsfSwidGZ3X2ZvbGxvd2VyX2NvdW50X3N1bnNldCI6eyJidWNrZXQiOnRydWUsInZlcnNpb24iOm51bGx9LCJ0ZndfdHdlZXRfZWRpdF9iYWNrZW5kIjp7ImJ1Y2tldCI6Im9uIiwidmVyc2lvbiI6bnVsbH0sInRmd19yZWZzcmNfc2Vzc2lvbiI6eyJidWNrZXQiOiJvbiIsInZlcnNpb24iOm51bGx9LCJ0ZndfZm9zbnJfc29mdF9pbnRlcnZlbnRpb25zX2VuYWJsZWQiOnsiYnVja2V0Ijoib24iLCJ2ZXJzaW9uIjpudWxsfSwidGZ3X21peGVkX21lZGlhXzE1ODk3Ijp7ImJ1Y2tldCI6InRyZWF0bWVudCIsInZlcnNpb24iOm51bGx9LCJ0ZndfZXhwZXJpbWVudHNfY29va2llX2V4cGlyYXRpb24iOnsiYnVja2V0IjoxMjA5NjAwLCJ2ZXJzaW9uIjpudWxsfSwidGZ3X3Nob3dfYmlyZHdhdGNoX3Bpdm90c19lbmFibGVkIjp7ImJ1Y2tldCI6Im9uIiwidmVyc2lvbiI6bnVsbH0sInRmd19kdXBsaWNhdGVfc2NyaWJlc190b19zZXR0aW5ncyI6eyJidWNrZXQiOiJvbiIsInZlcnNpb24iOm51bGx9LCJ0ZndfdXNlX3Byb2ZpbGVfaW1hZ2Vfc2hhcGVfZW5hYmxlZCI6eyJidWNrZXQiOiJvbiIsInZlcnNpb24iOm51bGx9LCJ0ZndfdmlkZW9faGxzX2R5bmFtaWNfbWFuaWZlc3RzXzE1MDgyIjp7ImJ1Y2tldCI6InRydWVfYml0cmF0ZSIsInZlcnNpb24iOm51bGx9LCJ0ZndfbGVnYWN5X3RpbWVsaW5lX3N1bnNldCI6eyJidWNrZXQiOnRydWUsInZlcnNpb24iOm51bGx9LCJ0ZndfdHdlZXRfZWRpdF9mcm9udGVuZCI6eyJidWNrZXQiOiJvbiIsInZlcnNpb24iOm51bGx9fQ%3D%3D&amp;frame=false&amp;hideCard=false&amp;hideThread=false&amp;id=1683433070295240705&amp;lang=pt&amp;origin=https%3A%2F%2Fwww.cnnbrasil.com.br%2Fentretenimento%2Fquem-e-a-modelo-que-viralizou-apos-criticas-por-mostrar-suas-curvas-em-desfile-de-moda%2F&amp;sessionId=3e143e5ae210e5cf5f3d5625cf8a9a5bc8c42402&amp;siteScreenName=CNNBrasil&amp;theme=light&amp;widgetsVersion=aaf4084522e3a%3A1674595607486&amp;width=500px\" frameborder=\"0\" scrolling=\"no\" allowfullscreen=\"allowfullscreen\" data-tweet-id=\"1683433070295240705\" data-mce-fragment=\"1\"><\/iframe><\/div>\n<p style=\"text-align: justify;\">\n<p style=\"text-align: justify;\">Visualizado mais de 6,3 milh\u00f5es de vezes, a publica\u00e7\u00e3o teve grande repercuss\u00e3o nas redes sociais, com mulheres saindo em defesa da modelo.<\/p>\n<div class=\"twitter-tweet twitter-tweet-rendered\" style=\"text-align: justify;\"><iframe id=\"twitter-widget-1\" class=\"\" title=\"Twitter Tweet\" src=\"https:\/\/platform.twitter.com\/embed\/Tweet.html?creatorScreenName=CNNBrasil&amp;dnt=true&amp;embedId=twitter-widget-1&amp;features=eyJ0ZndfdGltZWxpbmVfbGlzdCI6eyJidWNrZXQiOltdLCJ2ZXJzaW9uIjpudWxsfSwidGZ3X2ZvbGxvd2VyX2NvdW50X3N1bnNldCI6eyJidWNrZXQiOnRydWUsInZlcnNpb24iOm51bGx9LCJ0ZndfdHdlZXRfZWRpdF9iYWNrZW5kIjp7ImJ1Y2tldCI6Im9uIiwidmVyc2lvbiI6bnVsbH0sInRmd19yZWZzcmNfc2Vzc2lvbiI6eyJidWNrZXQiOiJvbiIsInZlcnNpb24iOm51bGx9LCJ0ZndfZm9zbnJfc29mdF9pbnRlcnZlbnRpb25zX2VuYWJsZWQiOnsiYnVja2V0Ijoib24iLCJ2ZXJzaW9uIjpudWxsfSwidGZ3X21peGVkX21lZGlhXzE1ODk3Ijp7ImJ1Y2tldCI6InRyZWF0bWVudCIsInZlcnNpb24iOm51bGx9LCJ0ZndfZXhwZXJpbWVudHNfY29va2llX2V4cGlyYXRpb24iOnsiYnVja2V0IjoxMjA5NjAwLCJ2ZXJzaW9uIjpudWxsfSwidGZ3X3Nob3dfYmlyZHdhdGNoX3Bpdm90c19lbmFibGVkIjp7ImJ1Y2tldCI6Im9uIiwidmVyc2lvbiI6bnVsbH0sInRmd19kdXBsaWNhdGVfc2NyaWJlc190b19zZXR0aW5ncyI6eyJidWNrZXQiOiJvbiIsInZlcnNpb24iOm51bGx9LCJ0ZndfdXNlX3Byb2ZpbGVfaW1hZ2Vfc2hhcGVfZW5hYmxlZCI6eyJidWNrZXQiOiJvbiIsInZlcnNpb24iOm51bGx9LCJ0ZndfdmlkZW9faGxzX2R5bmFtaWNfbWFuaWZlc3RzXzE1MDgyIjp7ImJ1Y2tldCI6InRydWVfYml0cmF0ZSIsInZlcnNpb24iOm51bGx9LCJ0ZndfbGVnYWN5X3RpbWVsaW5lX3N1bnNldCI6eyJidWNrZXQiOnRydWUsInZlcnNpb24iOm51bGx9LCJ0ZndfdHdlZXRfZWRpdF9mcm9udGVuZCI6eyJidWNrZXQiOiJvbiIsInZlcnNpb24iOm51bGx9fQ%3D%3D&amp;frame=false&amp;hideCard=false&amp;hideThread=false&amp;id=1683882258397114395&amp;lang=pt&amp;origin=https%3A%2F%2Fwww.cnnbrasil.com.br%2Fentretenimento%2Fquem-e-a-modelo-que-viralizou-apos-criticas-por-mostrar-suas-curvas-em-desfile-de-moda%2F&amp;sessionId=3e143e5ae210e5cf5f3d5625cf8a9a5bc8c42402&amp;siteScreenName=CNNBrasil&amp;theme=light&amp;widgetsVersion=aaf4084522e3a%3A1674595607486&amp;width=500px\" frameborder=\"0\" scrolling=\"no\" allowfullscreen=\"allowfullscreen\" data-tweet-id=\"1683882258397114395\" data-mce-fragment=\"1\"><\/iframe><\/div>\n<p style=\"text-align: justify;\">\n<div id=\"mid2\" style=\"text-align: justify;\"><\/div>\n<p style=\"text-align: justify;\">\u00c0\u00a0<strong>CNN<\/strong>, Dubois afirmou que o coment\u00e1rio de Marcus, e de outros que concordaram com ele, n\u00e3o a afetou.<\/p>\n<p style=\"text-align: justify;\">\u201cEstar na ind\u00fastria da moda definitivamente requer uma \u2018pele dura\u2019 e seguran\u00e7a em si. Ent\u00e3o, ver pessoas criticando o meu corpo n\u00e3o me afeta muito. N\u00e3o h\u00e1 nada de negativo que algu\u00e9m possa me dizer que eu j\u00e1 n\u00e3o tenha dito a mim mesma no passado\u201d, disse a modelo.<\/p>\n<p style=\"text-align: justify;\">\u201cAl\u00e9m disso, houve muito mais feedback positivo do que negativo, ent\u00e3o decidi focar nisso!\u201d, acrescentou.<\/p>\n<p style=\"text-align: justify;\"><iframe id=\"instagram-embed-0\" class=\"instagram-media instagram-media-rendered\" src=\"https:\/\/www.instagram.com\/reel\/CgcTbOzFIWd\/embed\/captioned\/?cr=1&amp;v=14&amp;wp=400&amp;rd=https%3A%2F%2Fwww.cnnbrasil.com.br&amp;rp=%2Fentretenimento%2Fquem-e-a-modelo-que-viralizou-apos-criticas-por-mostrar-suas-curvas-em-desfile-de-moda%2F#%7B%22ci%22%3A0%2C%22os%22%3A6426.0999999940395%7D\" height=\"954\" frameborder=\"0\" scrolling=\"no\" allowfullscreen=\"allowfullscreen\" data-instgrm-payload-id=\"instagram-media-payload-0\" data-mce-fragment=\"1\"><\/iframe><\/p>\n<p style=\"text-align: justify;\">\n<h3 style=\"text-align: justify;\">Quem \u00e9 Marissa Dubois<\/h3>\n<p style=\"text-align: justify;\">Formada em Criminologia, Dubois revelou que come\u00e7ou a modelar depois de uma sugest\u00e3o de seu pai.<\/p>\n<p style=\"text-align: justify;\">\u201cComecei a modelar em fevereiro de 2020; antes disso, havia feito algumas sess\u00f5es de fotos apenas por divers\u00e3o, mas sem levar a s\u00e9rio. Decidi come\u00e7ar a modelar porque meu pai sugeriu, depois que contei a ele que n\u00e3o queria seguir minha gradua\u00e7\u00e3o em Criminologia\u201d, explicou a modelo.<\/p>\n<p style=\"text-align: justify;\">\u201cAs pessoas sempre me disseram que eu era fotog\u00eanica, ent\u00e3o meu pai achou que seria uma boa op\u00e7\u00e3o\u201d, completou.<\/p>\n<p style=\"text-align: justify;\"><iframe id=\"instagram-embed-1\" class=\"instagram-media instagram-media-rendered\" src=\"https:\/\/www.instagram.com\/p\/CvP0_ObrfnL\/embed\/captioned\/?cr=1&amp;v=14&amp;wp=400&amp;rd=https%3A%2F%2Fwww.cnnbrasil.com.br&amp;rp=%2Fentretenimento%2Fquem-e-a-modelo-que-viralizou-apos-criticas-por-mostrar-suas-curvas-em-desfile-de-moda%2F#%7B%22ci%22%3A1%2C%22os%22%3A6429.399999991059%7D\" height=\"865\" frameborder=\"0\" scrolling=\"no\" allowfullscreen=\"allowfullscreen\" data-instgrm-payload-id=\"instagram-media-payload-1\" data-mce-fragment=\"1\"><\/iframe><\/p>\n<p style=\"text-align: justify;\">\n<p style=\"text-align: justify;\">Para al\u00e9m de uma simples modelo, a estadunidense tamb\u00e9m \u00e9 produtora de conte\u00fado nas redes sociais, com mais de 1,5 milh\u00e3o de seguidores em todas as plataformas. A ideia de entrar para o mundo digital surgiu durante uma de suas in\u00fameras viagens.<\/p>\n<p style=\"text-align: justify;\">\u201cAp\u00f3s me formar na faculdade, viajei para o Marrocos, China e Tail\u00e2ndia em busca de \u2018autoconhecimento\u2019, porque n\u00e3o queria mais seguir a carreira que tinha obtido com a gradua\u00e7\u00e3o. Durante minhas viagens, conheci n\u00f4mades digitais, gerentes de m\u00eddia social, profissionais de marketing e outros. Eles abriram meus olhos para o fato de que o mundo inteiro estava se tornando digital\u201d, disse.<\/p>\n<p style=\"text-align: justify;\">Inclusive, Dubois gerenciou as redes sociais de outras pessoas at\u00e9 decidir focar em si.<\/p>\n<p style=\"text-align: justify;\"><iframe id=\"instagram-embed-2\" class=\"instagram-media instagram-media-rendered\" src=\"https:\/\/www.instagram.com\/reel\/CvF6o_vNc-y\/embed\/captioned\/?cr=1&amp;v=14&amp;wp=400&amp;rd=https%3A%2F%2Fwww.cnnbrasil.com.br&amp;rp=%2Fentretenimento%2Fquem-e-a-modelo-que-viralizou-apos-criticas-por-mostrar-suas-curvas-em-desfile-de-moda%2F#%7B%22ci%22%3A2%2C%22os%22%3A6432.79999999702%7D\" height=\"990\" frameborder=\"0\" scrolling=\"no\" allowfullscreen=\"allowfullscreen\" data-instgrm-payload-id=\"instagram-media-payload-2\" data-mce-fragment=\"1\"><\/iframe><\/p>\n<p style=\"text-align: justify;\">\n<p style=\"text-align: justify;\">\u201cEu sabia que queria uma carreira com liberdade de tempo e criatividade. Eu adorava tirar fotos e lidar com m\u00eddia social, ent\u00e3o comecei meu pr\u00f3prio neg\u00f3cio administrando as redes sociais de outras pessoas. At\u00e9 que finalmente decidi fazer isso para mim mesma em 2019. Foi quando comecei a levar mais a s\u00e9rio minhas redes sociais\u201d, afirmou \u00e0\u00a0<strong>CNN<\/strong>.<\/p>\n<p style=\"text-align: justify;\">Com mais visibilidade ap\u00f3s a repercuss\u00e3o do seu desfile e com uma crescente carreira, quais s\u00e3o os pr\u00f3ximos passos profissionais da modelo?<\/p>\n<p style=\"text-align: justify;\">\u201cContinuar sendo consistente e trabalhando duro em minha carreira. Estou esperando ter a oportunidade de desfilar na Semana de Moda de Nova York e talvez at\u00e9 nas semanas de moda de Paris e Mil\u00e3o. Isso seria um sonho se tornando realidade\u201d, finalizou Dubois.<\/p>\n<p style=\"text-align: justify;\"><iframe id=\"instagram-embed-3\" class=\"instagram-media instagram-media-rendered\" src=\"https:\/\/www.instagram.com\/reel\/CuEsvqDtRCW\/embed\/captioned\/?cr=1&amp;v=14&amp;wp=400&amp;rd=https%3A%2F%2Fwww.cnnbrasil.com.br&amp;rp=%2Fentretenimento%2Fquem-e-a-modelo-que-viralizou-apos-criticas-por-mostrar-suas-curvas-em-desfile-de-moda%2F#%7B%22ci%22%3A3%2C%22os%22%3A9457.29999999702%7D\" height=\"918\" frameborder=\"0\" scrolling=\"no\" allowfullscreen=\"allowfullscreen\" data-instgrm-payload-id=\"instagram-media-payload-3\" data-mce-fragment=\"1\"><\/iframe><\/p>\n<p style=\"text-align: justify;\">\n<div class=\"tags__topics__content\" style=\"text-align: justify;\"><\/div>\n<div><\/div>\n<div><\/div>\n<div><\/div>\n<div><\/div>\n<div><\/div>\n<div>cnnbrasil<\/div>\n","protected":false},"excerpt":{"rendered":"<p>A modelo americana Marissa Dubois, de 28 anos, chamou aten\u00e7\u00e3o da web ap\u00f3s um v\u00eddeo seu desfilando de biqu\u00edni em uma semana de moda na Fl\u00f3rida, nos Estados Unidos, viralizar nas redes sociais. A modelo, que tem um corpo apontado como fora dos estere\u00f3tipos habituais para a profiss\u00e3o, foi chamada de \u201cobesa\u201d por um usu\u00e1rio<\/p>\n","protected":false},"author":1,"featured_media":4173,"comment_status":"open","ping_status":"open","sticky":false,"template":"","format":"standard","meta":{"_eb_attr":"","footnotes":""},"categories":[7,11],"tags":[],"class_list":["post-4171","post","type-post","status-publish","format-standard","has-post-thumbnail","hentry","category-destaque","category-famosos"],"_links":{"self":[{"href":"https:\/\/portalmidia.net\/index.php\/wp-json\/wp\/v2\/posts\/4171","targetHints":{"allow":["GET"]}}],"collection":[{"href":"https:\/\/portalmidia.net\/index.php\/wp-json\/wp\/v2\/posts"}],"about":[{"href":"https:\/\/portalmidia.net\/index.php\/wp-json\/wp\/v2\/types\/post"}],"author":[{"embeddable":true,"href":"https:\/\/portalmidia.net\/index.php\/wp-json\/wp\/v2\/users\/1"}],"replies":[{"embeddable":true,"href":"https:\/\/portalmidia.net\/index.php\/wp-json\/wp\/v2\/comments?post=4171"}],"version-history":[{"count":0,"href":"https:\/\/portalmidia.net\/index.php\/wp-json\/wp\/v2\/posts\/4171\/revisions"}],"wp:featuredmedia":[{"embeddable":true,"href":"https:\/\/portalmidia.net\/index.php\/wp-json\/wp\/v2\/media\/4173"}],"wp:attachment":[{"href":"https:\/\/portalmidia.net\/index.php\/wp-json\/wp\/v2\/media?parent=4171"}],"wp:term":[{"taxonomy":"category","embeddable":true,"href":"https:\/\/portalmidia.net\/index.php\/wp-json\/wp\/v2\/categories?post=4171"},{"taxonomy":"post_tag","embeddable":true,"href":"https:\/\/portalmidia.net\/index.php\/wp-json\/wp\/v2\/tags?post=4171"}],"curies":[{"name":"wp","href":"https:\/\/api.w.org\/{rel}","templated":true}]}}