 {"id":41861,"date":"2024-11-04T07:12:53","date_gmt":"2024-11-04T10:12:53","guid":{"rendered":"https:\/\/portalmidia.net\/?p=41861"},"modified":"2024-11-04T07:12:53","modified_gmt":"2024-11-04T10:12:53","slug":"tema-da-redacao-do-enem-2024-aborda-valorizacao-da-heranca-africana","status":"publish","type":"post","link":"https:\/\/portalmidia.net\/index.php\/2024\/11\/04\/tema-da-redacao-do-enem-2024-aborda-valorizacao-da-heranca-africana\/","title":{"rendered":"Tema da reda\u00e7\u00e3o do Enem 2024 aborda valoriza\u00e7\u00e3o da heran\u00e7a africana"},"content":{"rendered":"<p style=\"text-align: justify;\">O tema da reda\u00e7\u00e3o do Exame Nacional do Ensino M\u00e9dio (Enem) de 2024\u00a0 \u00e9: &#8220;Desafios para a valoriza\u00e7\u00e3o da heran\u00e7a africana no Brasil&#8221;.<\/p>\n<p style=\"text-align: justify;\">A informa\u00e7\u00e3o foi divulgada neste domingo (3) pelo ministro da Educa\u00e7\u00e3o, Camilo Santana, pela rede social X.<\/p>\n<p style=\"text-align: justify;\">Al\u00e9m da prova de reda\u00e7\u00e3o, os candidatos inscritos no Enem fazem na tarde de hoje as quest\u00f5es de linguagens e c\u00f3digos e de ci\u00eancias humanas. A prova come\u00e7ou \u00e0s 13h30 e o hor\u00e1rio de t\u00e9rmino est\u00e1 marcado para as 19h (hor\u00e1rio de Bras\u00edlia).<\/p>\n<p style=\"text-align: justify;\">A prova de reda\u00e7\u00e3o exige a produ\u00e7\u00e3o de um texto em prosa, do tipo dissertativo-argumentativo, com at\u00e9 30 linhas a partir da situa\u00e7\u00e3o-problema proposta, dos textos motivadores e dos conhecimentos constru\u00eddos ao longo de sua forma\u00e7\u00e3o.<\/p>\n<p style=\"text-align: justify;\">Ao elaborar a reda\u00e7\u00e3o, os participantes devem ficar atentos \u00e0s cinco compet\u00eancias que ser\u00e3o exigidas no texto:<\/p>\n<p style=\"text-align: justify;\">Demonstrar dom\u00ednio da modalidade escrita formal da l\u00edngua portuguesa<\/p>\n<p style=\"text-align: justify;\">Compreender a proposta de reda\u00e7\u00e3o e aplicar conceitos das v\u00e1rias \u00e1reas de conhecimento para desenvolver o tema dentro dos limites estruturais do texto dissertativo-argumentativo em prosa<\/p>\n<p style=\"text-align: justify;\">Selecionar, relacionar, organizar e interpretar informa\u00e7\u00f5es, fatos, opini\u00f5es e argumentos em defesa de um ponto de vista<\/p>\n<p style=\"text-align: justify;\">Demonstrar conhecimento dos mecanismos lingu\u00edsticos necess\u00e1rios para a constru\u00e7\u00e3o da argumenta\u00e7\u00e3o<\/p>\n<p>Elaborar proposta de interven\u00e7\u00e3o para o problema abordado, respeitando os direitos humanos<\/p>\n<p style=\"text-align: justify;\">Entre os crit\u00e9rios que conferem nota zero est\u00e3o fuga ao tema, texto com at\u00e9 sete linhas, trecho deliberadamente desconectado do tema, desobedi\u00eancia \u00e0 estrutura dissertativo-argumentativa e desrespeito \u00e0 seriedade do exame.<\/p>\n","protected":false},"excerpt":{"rendered":"<p>O tema da reda\u00e7\u00e3o do Exame Nacional do Ensino M\u00e9dio (Enem) de 2024\u00a0 \u00e9: &#8220;Desafios para a valoriza\u00e7\u00e3o da heran\u00e7a africana no Brasil&#8221;. A informa\u00e7\u00e3o foi divulgada neste domingo (3) pelo ministro da Educa\u00e7\u00e3o, Camilo Santana, pela rede social X. Al\u00e9m da prova de reda\u00e7\u00e3o, os candidatos inscritos no Enem fazem na tarde de hoje<\/p>\n","protected":false},"author":1,"featured_media":41863,"comment_status":"open","ping_status":"open","sticky":false,"template":"","format":"standard","meta":{"_eb_attr":"","footnotes":""},"categories":[7,13],"tags":[],"class_list":["post-41861","post","type-post","status-publish","format-standard","has-post-thumbnail","hentry","category-destaque","category-noticias"],"_links":{"self":[{"href":"https:\/\/portalmidia.net\/index.php\/wp-json\/wp\/v2\/posts\/41861","targetHints":{"allow":["GET"]}}],"collection":[{"href":"https:\/\/portalmidia.net\/index.php\/wp-json\/wp\/v2\/posts"}],"about":[{"href":"https:\/\/portalmidia.net\/index.php\/wp-json\/wp\/v2\/types\/post"}],"author":[{"embeddable":true,"href":"https:\/\/portalmidia.net\/index.php\/wp-json\/wp\/v2\/users\/1"}],"replies":[{"embeddable":true,"href":"https:\/\/portalmidia.net\/index.php\/wp-json\/wp\/v2\/comments?post=41861"}],"version-history":[{"count":1,"href":"https:\/\/portalmidia.net\/index.php\/wp-json\/wp\/v2\/posts\/41861\/revisions"}],"predecessor-version":[{"id":41864,"href":"https:\/\/portalmidia.net\/index.php\/wp-json\/wp\/v2\/posts\/41861\/revisions\/41864"}],"wp:featuredmedia":[{"embeddable":true,"href":"https:\/\/portalmidia.net\/index.php\/wp-json\/wp\/v2\/media\/41863"}],"wp:attachment":[{"href":"https:\/\/portalmidia.net\/index.php\/wp-json\/wp\/v2\/media?parent=41861"}],"wp:term":[{"taxonomy":"category","embeddable":true,"href":"https:\/\/portalmidia.net\/index.php\/wp-json\/wp\/v2\/categories?post=41861"},{"taxonomy":"post_tag","embeddable":true,"href":"https:\/\/portalmidia.net\/index.php\/wp-json\/wp\/v2\/tags?post=41861"}],"curies":[{"name":"wp","href":"https:\/\/api.w.org\/{rel}","templated":true}]}}