 {"id":41870,"date":"2024-11-04T07:24:35","date_gmt":"2024-11-04T10:24:35","guid":{"rendered":"https:\/\/portalmidia.net\/?p=41870"},"modified":"2024-11-04T07:24:35","modified_gmt":"2024-11-04T10:24:35","slug":"pe-de-meia-licenciatura-pagara-mais-de-r-500-para-futuros-professores","status":"publish","type":"post","link":"https:\/\/portalmidia.net\/index.php\/2024\/11\/04\/pe-de-meia-licenciatura-pagara-mais-de-r-500-para-futuros-professores\/","title":{"rendered":"P\u00e9-de-Meia Licenciatura pagar\u00e1 mais de R$ 500 para futuros professores"},"content":{"rendered":"<header id=\"header-site\" class=\"header-site full-width rel-position\">\n<div class=\"header-veiculo full-width\">\n<aside id=\"nav-menu-mobile\" class=\"nav-menu-mobile\">\n<div class=\"search-container full-width\" style=\"text-align: justify;\">Estudantes que utilizarem a nota do Exame Nacional do Ensino M\u00e9dio (Enem) para cursar licenciaturas poder\u00e3o receber bolsas mensais de mais de R$ 500. A medida faz parte do <a href=\"https:\/\/agenciabrasil.ebc.com.br\/educacao\/noticia\/2024-10\/brasil-tera-pe-de-meia-para-licenciaturas-diz-ministro-da-educacao\" target=\"_blank\" rel=\"noopener\">P\u00e9-de-Meia para Licenciaturas<\/a>\u00a0que ser\u00e1 oficialmente anunciado este m\u00eas. A inten\u00e7\u00e3o \u00e9 que a bolsa comece a ser paga j\u00e1 em 2025. As informa\u00e7\u00f5es foram antecipadas, nesta sexta-feira (1\u00ba), pelo ministro da Educa\u00e7\u00e3o, Camilo Santana.<img decoding=\"async\" src=\"https:\/\/agenciabrasil.ebc.com.br\/ebc.png?id=1618068&amp;o=node\" \/><img decoding=\"async\" src=\"https:\/\/agenciabrasil.ebc.com.br\/ebc.gif?id=1618068&amp;o=node\" \/><\/div>\n<\/aside>\n<\/div>\n<\/header>\n<p><main class=\"main-site\"><\/p>\n<div class=\"region region-content\">\n<div id=\"block-system-main\" class=\"block block-system\">\n<div class=\"content\">\n<div id=\"panel\" class=\"container-noticia rel-position\">\n<div id=\"node-1618068\" class=\"node node-conteudo clearfix\">\n<div class=\"conteudo-noticia\">\n<p style=\"text-align: justify;\">Segundo Santana, os estudantes ser\u00e3o selecionados para o programa com base na nota do Enem. A ideia, segundo o ministro, \u00e9 atrair bons alunos para que possam ser futuros professores nas escolas brasileiras. \u201cA gente quer que os bons alunos possam fazer a licenciatura, est\u00e1 faltando professor de matem\u00e1tica, de f\u00edsica, de qu\u00edmica, de biologia\u201d, disse.<\/p>\n<p style=\"text-align: justify;\">O ministro n\u00e3o divulgou ainda o valor exato do benef\u00edcio, mas explicou que, assim como o\u00a0<a href=\"https:\/\/agenciabrasil.ebc.com.br\/politica\/noticia\/2024-04\/lula-anuncia-inclusao-de-12-milhao-de-alunos-no-pe-de-meia\" target=\"_blank\" rel=\"noopener\">P\u00e9-de-Meia para o ensino m\u00e9dio<\/a>, os estudantes receber\u00e3o recursos que ficar\u00e3o retidos em uma poupan\u00e7a, que poder\u00e3o acessar quando conclu\u00edrem a forma\u00e7\u00e3o.<\/p>\n<p style=\"text-align: justify;\">\u201cVai ser apresentado este ano, j\u00e1 para come\u00e7ar no pr\u00f3ximo ano, porque a gente quer ver se a gente consegue usar o Enem agora. A gente j\u00e1 quer que o aluno no Enem, ele j\u00e1 saiba que ele vai receber uma bolsa, se ele escolher a licenciatura. Ele j\u00e1 vai entrar na universidade com uma bolsa paga pelo governo. \u00c9 uma forma de estimular. Al\u00e9m de uma bolsa, ele vai ter uma poupan\u00e7a\u201d, antecipou o ministro.<\/p>\n<h2 style=\"text-align: justify;\">Mais professores<\/h2>\n<p style=\"text-align: justify;\">O P\u00e9-de-Meia para Licenciaturas faz parte de um conjunto de a\u00e7\u00f5es do governo para valorizar os professores brasileiros da educa\u00e7\u00e3o b\u00e1sica.<\/p>\n<p style=\"text-align: justify;\">Santana pretende tamb\u00e9m criar incentivos para os professores que j\u00e1 est\u00e3o em sala de aula. A pasta pretende criar o Mais Professores, inspirado no programa Mais M\u00e9dicos, que oferece incentivos aos m\u00e9dicos para trabalharem em locais onde h\u00e1 maior demanda por profissionais de sa\u00fade e pouca assist\u00eancia.<\/p>\n<p style=\"text-align: justify;\">\u201c[Programa no qual] o professor possa receber um plus a mais no sal\u00e1rio dele, para ele ir para aquela escola, para aquela cidade que n\u00e3o tem um professor, como o Mais M\u00e9dico. O governo federal paga ele para ir para um munic\u00edpio que n\u00e3o tem m\u00e9dico. Ent\u00e3o \u00e9 mais ou menos na l\u00f3gica\u201d, disse o ministro.<\/p>\n<p style=\"text-align: justify;\">Segundo Santana, \u00e9 preciso valorizar a profiss\u00e3o docente no pa\u00eds. \u201cTem pa\u00edses que reconhecem como a principal profiss\u00e3o, no Brasil as pessoas n\u00e3o est\u00e3o querendo mais ser professoras, n\u00e3o s\u00f3 por quest\u00e3o de remunera\u00e7\u00e3o, mas por falta de reconhecimento, de valoriza\u00e7\u00e3o. A ideia tamb\u00e9m aqui \u00e9 criar uma cultura nesse pa\u00eds que as pessoas reconhe\u00e7am o papel do professor, at\u00e9 porque todos n\u00f3s passamos por ele, desde crian\u00e7a\u201d, defendeu.<\/p>\n<p style=\"text-align: justify;\">Pesquisas mostram que, por conta do desinteresse, o pa\u00eds corre o risco de um apag\u00e3o de professores sobretudo nas escolas. Dados do Sindicato das Entidades Mantenedoras de Estabelecimentos de Ensino Superior no Estado de S\u00e3o Paulo (Semesp) mostram que, at\u00e9 2040 o Brasil, poder\u00e1 ter uma\u00a0<a href=\"https:\/\/agenciabrasil.ebc.com.br\/educacao\/noticia\/2022-09\/em-2040-brasil-podera-ter-carencia-de-235-mil-professores-diz-estudo\" target=\"_blank\" rel=\"noopener\">car\u00eancia de 235 mil professores<\/a>\u00a0de educa\u00e7\u00e3o b\u00e1sica.<\/p>\n<h2 style=\"text-align: justify;\">Or\u00e7amento<\/h2>\n<p style=\"text-align: justify;\">As a\u00e7\u00f5es anunciadas depender\u00e3o, no entanto, de disponibilidade or\u00e7ament\u00e1ria. Em rela\u00e7\u00e3o a quantidade de bolsas que ser\u00e3o\u00a0<a href=\"https:\/\/agenciabrasil.ebc.com.br\/educacao\/noticia\/2024-10\/mec-fara-prova-unica-de-selecao-para-professores-de-escolas-publicas\" target=\"_blank\" rel=\"noopener\">ofertadas pelo P\u00e9-de-Meia das Licenciaturas,<\/a>\u00a0o secret\u00e1rio executivo do MEC, Leonardo Barchini, disse, em entrevista nesta semana, que a quantidade de bolsas depender\u00e1 de quanto houver dispon\u00edvel no or\u00e7amento da pasta para o pr\u00f3ximo ano.<\/p>\n<p style=\"text-align: justify;\">Em um momento de\u00a0<a href=\"https:\/\/agenciabrasil.ebc.com.br\/economia\/noticia\/2024-10\/haddad-confirma-envio-de-pec-sobre-revisao-de-gastos\" target=\"_blank\" rel=\"noopener\">revis\u00e3o de gastos obrigat\u00f3rios do governo federal<\/a>,\u00a0o ministro garantiu, nesta sexta-feira, que \u201cnenhuma pol\u00edtica e programa que est\u00e1 em andamento ser\u00e1 atingida por conta de qualquer medida do governo federal\u201d.<\/p>\n<p style=\"text-align: justify;\"><em>Ag\u00eancia Brasil<\/em><\/p>\n<\/div>\n<\/div>\n<\/div>\n<\/div>\n<\/div>\n<\/div>\n<p><\/main><\/p>\n","protected":false},"excerpt":{"rendered":"<p>Estudantes que utilizarem a nota do Exame Nacional do Ensino M\u00e9dio (Enem) para cursar licenciaturas poder\u00e3o receber bolsas mensais de mais de R$ 500. A medida faz parte do P\u00e9-de-Meia para Licenciaturas\u00a0que ser\u00e1 oficialmente anunciado este m\u00eas. A inten\u00e7\u00e3o \u00e9 que a bolsa comece a ser paga j\u00e1 em 2025. As informa\u00e7\u00f5es foram antecipadas, nesta<\/p>\n","protected":false},"author":1,"featured_media":41871,"comment_status":"open","ping_status":"open","sticky":false,"template":"","format":"standard","meta":{"_eb_attr":"","footnotes":""},"categories":[13],"tags":[],"class_list":["post-41870","post","type-post","status-publish","format-standard","has-post-thumbnail","hentry","category-noticias"],"_links":{"self":[{"href":"https:\/\/portalmidia.net\/index.php\/wp-json\/wp\/v2\/posts\/41870","targetHints":{"allow":["GET"]}}],"collection":[{"href":"https:\/\/portalmidia.net\/index.php\/wp-json\/wp\/v2\/posts"}],"about":[{"href":"https:\/\/portalmidia.net\/index.php\/wp-json\/wp\/v2\/types\/post"}],"author":[{"embeddable":true,"href":"https:\/\/portalmidia.net\/index.php\/wp-json\/wp\/v2\/users\/1"}],"replies":[{"embeddable":true,"href":"https:\/\/portalmidia.net\/index.php\/wp-json\/wp\/v2\/comments?post=41870"}],"version-history":[{"count":1,"href":"https:\/\/portalmidia.net\/index.php\/wp-json\/wp\/v2\/posts\/41870\/revisions"}],"predecessor-version":[{"id":41872,"href":"https:\/\/portalmidia.net\/index.php\/wp-json\/wp\/v2\/posts\/41870\/revisions\/41872"}],"wp:featuredmedia":[{"embeddable":true,"href":"https:\/\/portalmidia.net\/index.php\/wp-json\/wp\/v2\/media\/41871"}],"wp:attachment":[{"href":"https:\/\/portalmidia.net\/index.php\/wp-json\/wp\/v2\/media?parent=41870"}],"wp:term":[{"taxonomy":"category","embeddable":true,"href":"https:\/\/portalmidia.net\/index.php\/wp-json\/wp\/v2\/categories?post=41870"},{"taxonomy":"post_tag","embeddable":true,"href":"https:\/\/portalmidia.net\/index.php\/wp-json\/wp\/v2\/tags?post=41870"}],"curies":[{"name":"wp","href":"https:\/\/api.w.org\/{rel}","templated":true}]}}