 {"id":42057,"date":"2024-11-07T07:12:11","date_gmt":"2024-11-07T10:12:11","guid":{"rendered":"https:\/\/portalmidia.net\/?p=42057"},"modified":"2024-11-07T07:12:11","modified_gmt":"2024-11-07T10:12:11","slug":"presos-ciminosos-que-fizeram-familia-refem-e-apontaram-arma-pra-cabeca-de-um-bebe-em-esperanca-na-paraiba","status":"publish","type":"post","link":"https:\/\/portalmidia.net\/index.php\/2024\/11\/07\/presos-ciminosos-que-fizeram-familia-refem-e-apontaram-arma-pra-cabeca-de-um-bebe-em-esperanca-na-paraiba\/","title":{"rendered":"Presos ciminosos  que fizeram  fam\u00edlia ref\u00e9m e apontaram arma pra cabe\u00e7a de um beb\u00ea  em Esperan\u00e7a  na Para\u00edba"},"content":{"rendered":"<p style=\"text-align: justify;\">A Pol\u00edcia Civil da Para\u00edba, atrav\u00e9s da Seccional de Esperan\u00e7a, Brejo, prendeu em flagrante, em 24h, autores de um roubo violento na noite desta Segunda-Feira (04\/11 ). Tr\u00eas indiv\u00edduos, com a ajuda de um quarto que estava dando apoio em um ve\u00edculo, invadiram uma resid\u00eancia e fizeram uma fam\u00edlia ref\u00e9m, inclusive, apontaram uma arma de fogo para uma crian\u00e7a de nove meses.<\/p>\n<p style=\"text-align: justify;\">Com a fam\u00edlia rendida por armas de fogo, o grupo criminoso, ap\u00f3s v\u00e1rios minutos de terror psicol\u00f3gico, subtraiu diversos bens das v\u00edtimas, como: celulares, televisor, caixa de som e o carro da fam\u00edlia.<\/p>\n<p style=\"text-align: justify;\">Ap\u00f3s dilig\u00eancias, o ve\u00edculo que deu apoio ao grupo criminoso foi identificado, a partir da\u00ed foi poss\u00edvel identificar os autores do roubo.<\/p>\n<p style=\"text-align: justify;\">Todos os bens roubados foram encontrados e entregues \u00e0 fam\u00edlia vitimada. A pol\u00edcia continua em investiga\u00e7\u00f5es para apurar a participa\u00e7\u00e3o de mais envolvidos.<\/p>\n<p style=\"text-align: justify;\">Dois criminos0s foram presos em flagrante delito por roubo circunstanciado pelo uso de arma de fogo, pelo concurso de pessoas e pela restri\u00e7\u00e3o da liberdade das v\u00edtimas.<\/p>\n<p style=\"text-align: justify;\">Os criminosos foram encaminhados para a Cidade da Pol\u00edcia Civil em Campina Grande, onde aguardaram audi\u00eancia de cust\u00f3dia.<\/p>\n<p>Fonte: Pol\u00edcia Civil da Para\u00edba<\/p>\n<p>https:\/\/www.instagram.com\/reel\/DCDeu7ks_Vb\/?igsh=cjRoeXB0YzJjbGxw<\/p>\n","protected":false},"excerpt":{"rendered":"<p>A Pol\u00edcia Civil da Para\u00edba, atrav\u00e9s da Seccional de Esperan\u00e7a, Brejo, prendeu em flagrante, em 24h, autores de um roubo violento na noite desta Segunda-Feira (04\/11 ). Tr\u00eas indiv\u00edduos, com a ajuda de um quarto que estava dando apoio em um ve\u00edculo, invadiram uma resid\u00eancia e fizeram uma fam\u00edlia ref\u00e9m, inclusive, apontaram uma arma de<\/p>\n","protected":false},"author":1,"featured_media":42058,"comment_status":"open","ping_status":"open","sticky":false,"template":"","format":"standard","meta":{"_eb_attr":"","footnotes":""},"categories":[7,2],"tags":[],"class_list":["post-42057","post","type-post","status-publish","format-standard","has-post-thumbnail","hentry","category-destaque","category-policial"],"_links":{"self":[{"href":"https:\/\/portalmidia.net\/index.php\/wp-json\/wp\/v2\/posts\/42057","targetHints":{"allow":["GET"]}}],"collection":[{"href":"https:\/\/portalmidia.net\/index.php\/wp-json\/wp\/v2\/posts"}],"about":[{"href":"https:\/\/portalmidia.net\/index.php\/wp-json\/wp\/v2\/types\/post"}],"author":[{"embeddable":true,"href":"https:\/\/portalmidia.net\/index.php\/wp-json\/wp\/v2\/users\/1"}],"replies":[{"embeddable":true,"href":"https:\/\/portalmidia.net\/index.php\/wp-json\/wp\/v2\/comments?post=42057"}],"version-history":[{"count":1,"href":"https:\/\/portalmidia.net\/index.php\/wp-json\/wp\/v2\/posts\/42057\/revisions"}],"predecessor-version":[{"id":42059,"href":"https:\/\/portalmidia.net\/index.php\/wp-json\/wp\/v2\/posts\/42057\/revisions\/42059"}],"wp:featuredmedia":[{"embeddable":true,"href":"https:\/\/portalmidia.net\/index.php\/wp-json\/wp\/v2\/media\/42058"}],"wp:attachment":[{"href":"https:\/\/portalmidia.net\/index.php\/wp-json\/wp\/v2\/media?parent=42057"}],"wp:term":[{"taxonomy":"category","embeddable":true,"href":"https:\/\/portalmidia.net\/index.php\/wp-json\/wp\/v2\/categories?post=42057"},{"taxonomy":"post_tag","embeddable":true,"href":"https:\/\/portalmidia.net\/index.php\/wp-json\/wp\/v2\/tags?post=42057"}],"curies":[{"name":"wp","href":"https:\/\/api.w.org\/{rel}","templated":true}]}}