 {"id":4212,"date":"2023-08-02T08:07:27","date_gmt":"2023-08-02T11:07:27","guid":{"rendered":"https:\/\/portalmidia.net\/?p=4212"},"modified":"2023-08-02T08:07:27","modified_gmt":"2023-08-02T11:07:27","slug":"missao-sophia-objetos-apreendidos-durante-buscas-a-menina-sao-periciados","status":"publish","type":"post","link":"https:\/\/portalmidia.net\/index.php\/2023\/08\/02\/missao-sophia-objetos-apreendidos-durante-buscas-a-menina-sao-periciados\/","title":{"rendered":"Miss\u00e3o Sophia: objetos apreendidos durante buscas a menina s\u00e3o periciados"},"content":{"rendered":"<p style=\"text-align: justify;\">Todos os objetos encontrados durante as buscas a Ana Sophia Gomes dos Santos, de 8 anos, desaparecida desde o dia 4 de julho, est\u00e3o sendo periciados. \u00c9 o que informou a delegada Ma\u00edra Roberta.<\/p>\n<p style=\"text-align: justify;\">A delegada n\u00e3o chegou a revelar que objetos s\u00e3o esses, mas falou que eles foram recolhidos durante mandados de buscas e garantiu que tudo est\u00e1 sendo analisado. &#8220;V\u00e1rias dilig\u00eancias j\u00e1 foram feitas e est\u00e3o sendo feitos. Foram apreendidos objetos e estamos fazendo an\u00e1lise dessa documenta\u00e7\u00e3o&#8221;, disse em entrevista \u00e0 TV Arapuan.<\/p>\n<p style=\"text-align: justify;\">Ma\u00edra Roberta citou uma &#8220;escurid\u00e3o tecnol\u00f3gica&#8221;, j\u00e1 que no local onde Sophia desapareceu, o distrito de Roma, em Bananeiras, no Brejo paraibano, n\u00e3o h\u00e1 sinal de telefone.<\/p>\n<p style=\"text-align: justify;\">&#8220;Estamos em uma escurid\u00e3o tecnol\u00f3gica,\u00a0 porque na \u00e1rea n\u00e3o tem sinal de telefone e a investiga\u00e7\u00e3o n\u00e3o \u00e9 t\u00e3o simples. Por isso, pedimos apoio da popula\u00e7\u00e3o para repassar informa\u00e7\u00f5es atrav\u00e9s do 197&#8221;, destacou.<br \/>\nA delegada acrescentou, ainda, que espera, em breve, ter novidades sobre o caso.<\/p>\n<p>&nbsp;<\/p>\n<p>&nbsp;<\/p>\n<p>&nbsp;<\/p>\n<p>&nbsp;<\/p>\n<p>&nbsp;<\/p>\n<p>&nbsp;<\/p>\n<p>clickpb<\/p>\n","protected":false},"excerpt":{"rendered":"<p>Todos os objetos encontrados durante as buscas a Ana Sophia Gomes dos Santos, de 8 anos, desaparecida desde o dia 4 de julho, est\u00e3o sendo periciados. \u00c9 o que informou a delegada Ma\u00edra Roberta. A delegada n\u00e3o chegou a revelar que objetos s\u00e3o esses, mas falou que eles foram recolhidos durante mandados de buscas e<\/p>\n","protected":false},"author":1,"featured_media":4214,"comment_status":"open","ping_status":"open","sticky":false,"template":"","format":"standard","meta":{"_eb_attr":"","footnotes":""},"categories":[7,2],"tags":[],"class_list":["post-4212","post","type-post","status-publish","format-standard","has-post-thumbnail","hentry","category-destaque","category-policial"],"_links":{"self":[{"href":"https:\/\/portalmidia.net\/index.php\/wp-json\/wp\/v2\/posts\/4212","targetHints":{"allow":["GET"]}}],"collection":[{"href":"https:\/\/portalmidia.net\/index.php\/wp-json\/wp\/v2\/posts"}],"about":[{"href":"https:\/\/portalmidia.net\/index.php\/wp-json\/wp\/v2\/types\/post"}],"author":[{"embeddable":true,"href":"https:\/\/portalmidia.net\/index.php\/wp-json\/wp\/v2\/users\/1"}],"replies":[{"embeddable":true,"href":"https:\/\/portalmidia.net\/index.php\/wp-json\/wp\/v2\/comments?post=4212"}],"version-history":[{"count":0,"href":"https:\/\/portalmidia.net\/index.php\/wp-json\/wp\/v2\/posts\/4212\/revisions"}],"wp:featuredmedia":[{"embeddable":true,"href":"https:\/\/portalmidia.net\/index.php\/wp-json\/wp\/v2\/media\/4214"}],"wp:attachment":[{"href":"https:\/\/portalmidia.net\/index.php\/wp-json\/wp\/v2\/media?parent=4212"}],"wp:term":[{"taxonomy":"category","embeddable":true,"href":"https:\/\/portalmidia.net\/index.php\/wp-json\/wp\/v2\/categories?post=4212"},{"taxonomy":"post_tag","embeddable":true,"href":"https:\/\/portalmidia.net\/index.php\/wp-json\/wp\/v2\/tags?post=4212"}],"curies":[{"name":"wp","href":"https:\/\/api.w.org\/{rel}","templated":true}]}}