 {"id":42423,"date":"2024-11-14T06:30:04","date_gmt":"2024-11-14T09:30:04","guid":{"rendered":"https:\/\/portalmidia.net\/?p=42423"},"modified":"2024-11-14T06:30:04","modified_gmt":"2024-11-14T09:30:04","slug":"dono-de-carro-que-explodiu-na-frente-do-stf-foi-candidato-a-vereador-pelo-pl-diz-policia-de-sc","status":"publish","type":"post","link":"https:\/\/portalmidia.net\/index.php\/2024\/11\/14\/dono-de-carro-que-explodiu-na-frente-do-stf-foi-candidato-a-vereador-pelo-pl-diz-policia-de-sc\/","title":{"rendered":"Dono de carro que explodiu na frente do STF foi candidato a vereador pelo PL, diz pol\u00edcia de SC"},"content":{"rendered":"<p style=\"text-align: justify;\">O carro que explodiu na noite desta quarta-feira (13) no estacionamento anexo \u00e0 C\u00e2mara dos Deputados, em frente ao Supremo Tribunal Federal (STF), est\u00e1 no nome de Francisco Wanderley Luiz, segundo o delegado-geral de Santa Catarina, Ulisses Gabriel. A Pol\u00edcia Civil do DF tamb\u00e9m confirmou, por volta das 23h50, que ele era o homem que morreu nas explos\u00f5es.<\/p>\n<p style=\"text-align: justify;\"><img fetchpriority=\"high\" decoding=\"async\" class=\"aligncenter size-large wp-image-42412\" src=\"https:\/\/portalmidia.net\/wp-content\/uploads\/2024\/11\/IMG_8491-1024x613.webp\" alt=\"\" width=\"640\" height=\"383\" srcset=\"https:\/\/portalmidia.net\/wp-content\/uploads\/2024\/11\/IMG_8491-1024x613.webp 1024w, https:\/\/portalmidia.net\/wp-content\/uploads\/2024\/11\/IMG_8491-300x179.webp 300w, https:\/\/portalmidia.net\/wp-content\/uploads\/2024\/11\/IMG_8491-768x459.webp 768w, https:\/\/portalmidia.net\/wp-content\/uploads\/2024\/11\/IMG_8491.webp 1170w\" sizes=\"(max-width: 640px) 100vw, 640px\" \/>As explos\u00f5es ocorreram em frente ao STF por volta das 19h30, em um intervalo de cerca de 20 segundos. No porta-malas do ve\u00edculo, que estava no estacionamento do Anexo IV da C\u00e2mara dos Deputados, foram encontrados fogos de artif\u00edcio e tijolos.<\/p>\n<p style=\"text-align: justify;\">Francisco foi candidato a vereador pelo PL em Rio do Sul, no Vale do Itaja\u00ed, em Santa Catarina, em 2020, mas n\u00e3o se elegeu.<br \/>\nResumo do caso:<br \/>\n<img decoding=\"async\" class=\"aligncenter size-medium wp-image-42425\" src=\"https:\/\/portalmidia.net\/wp-content\/uploads\/2024\/11\/IMG_8495-161x300.jpeg\" alt=\"\" width=\"161\" height=\"300\" srcset=\"https:\/\/portalmidia.net\/wp-content\/uploads\/2024\/11\/IMG_8495-161x300.jpeg 161w, https:\/\/portalmidia.net\/wp-content\/uploads\/2024\/11\/IMG_8495-548x1024.jpeg 548w, https:\/\/portalmidia.net\/wp-content\/uploads\/2024\/11\/IMG_8495-768x1435.jpeg 768w, https:\/\/portalmidia.net\/wp-content\/uploads\/2024\/11\/IMG_8495-822x1536.jpeg 822w, https:\/\/portalmidia.net\/wp-content\/uploads\/2024\/11\/IMG_8495.jpeg 1000w\" sizes=\"(max-width: 161px) 100vw, 161px\" \/><\/p>\n<p>Ainda n\u00e3o h\u00e1 informa\u00e7\u00f5es sobre o que provocou as explos\u00f5es.<\/p>\n<p>No momento das explos\u00f5es, estavam ocorrendo sess\u00f5es de plen\u00e1rio na C\u00e2mara (suspensa ap\u00f3s a confirma\u00e7\u00e3o da morte) e no Senado (mantida at\u00e9 as 21h, pelo menos).<\/p>\n<p>A sess\u00e3o do STF j\u00e1 tinha terminado, e os ocupantes do pr\u00e9dio foram retirados.<br \/>\nO presidente Luiz In\u00e1cio Lula da Silva n\u00e3o estava mais no Planalto \u2013 e n\u00e3o houve ordem para evacuar o pr\u00e9dio.<br \/>\nAt\u00e9 a \u00faltima atualiza\u00e7\u00e3o desta reportagem, o corpo n\u00e3o havia sido retirado do local.<\/p>\n<p>No momento do ocorrido, Layana Costa estava em um ponto de \u00f4nibus em frente ao STF. Segundo ela, um homem passou, segurando uma sacola, e acenou com &#8220;um joinha&#8221;. A mulher afirma que, em seguida, ouviu a primeira explos\u00e3o e, ao olhar para tr\u00e1s, viu que o homem jogou algo perto da est\u00e1tua da Justi\u00e7a e logo caiu.<\/p>\n<p style=\"text-align: justify;\">Em nota, o STF informou que, ap\u00f3s a sess\u00e3o desta quarta, &#8220;dois fortes estrondos foram ouvidos e os ministros foram retirados do pr\u00e9dio em seguran\u00e7a&#8221;. &#8220;Os servidores e colaboradores do edif\u00edcio-sede foram retirados por medida de cautela.&#8221;<\/p>\n<p>A Corte informou ainda que a seguran\u00e7a do STF colabora com as autoridades policiais do Distrito Federal. O secret\u00e1rio de Seguran\u00e7a do DF, Sandro Avelar, informou que a Esplanada dos Minist\u00e9rios foi fechada.<\/p>\n<p style=\"text-align: justify;\">Nesse momento estamos tentando entender o que aconteceu e estamos enviando um efetivo muito grande do batalh\u00e3o especial da PMDF para fechar parte da Esplanada&#8221;, disse Avelar.<\/p>\n<p>&nbsp;<\/p>\n<p>&nbsp;<\/p>\n<p>&nbsp;<\/p>\n<p>G1DF<\/p>\n<p>&nbsp;<\/p>\n","protected":false},"excerpt":{"rendered":"<p>O carro que explodiu na noite desta quarta-feira (13) no estacionamento anexo \u00e0 C\u00e2mara dos Deputados, em frente ao Supremo Tribunal Federal (STF), est\u00e1 no nome de Francisco Wanderley Luiz, segundo o delegado-geral de Santa Catarina, Ulisses Gabriel. A Pol\u00edcia Civil do DF tamb\u00e9m confirmou, por volta das 23h50, que ele era o homem que<\/p>\n","protected":false},"author":1,"featured_media":42424,"comment_status":"open","ping_status":"open","sticky":false,"template":"","format":"standard","meta":{"_eb_attr":"","footnotes":""},"categories":[7,2],"tags":[],"class_list":["post-42423","post","type-post","status-publish","format-standard","has-post-thumbnail","hentry","category-destaque","category-policial"],"_links":{"self":[{"href":"https:\/\/portalmidia.net\/index.php\/wp-json\/wp\/v2\/posts\/42423","targetHints":{"allow":["GET"]}}],"collection":[{"href":"https:\/\/portalmidia.net\/index.php\/wp-json\/wp\/v2\/posts"}],"about":[{"href":"https:\/\/portalmidia.net\/index.php\/wp-json\/wp\/v2\/types\/post"}],"author":[{"embeddable":true,"href":"https:\/\/portalmidia.net\/index.php\/wp-json\/wp\/v2\/users\/1"}],"replies":[{"embeddable":true,"href":"https:\/\/portalmidia.net\/index.php\/wp-json\/wp\/v2\/comments?post=42423"}],"version-history":[{"count":1,"href":"https:\/\/portalmidia.net\/index.php\/wp-json\/wp\/v2\/posts\/42423\/revisions"}],"predecessor-version":[{"id":42426,"href":"https:\/\/portalmidia.net\/index.php\/wp-json\/wp\/v2\/posts\/42423\/revisions\/42426"}],"wp:featuredmedia":[{"embeddable":true,"href":"https:\/\/portalmidia.net\/index.php\/wp-json\/wp\/v2\/media\/42424"}],"wp:attachment":[{"href":"https:\/\/portalmidia.net\/index.php\/wp-json\/wp\/v2\/media?parent=42423"}],"wp:term":[{"taxonomy":"category","embeddable":true,"href":"https:\/\/portalmidia.net\/index.php\/wp-json\/wp\/v2\/categories?post=42423"},{"taxonomy":"post_tag","embeddable":true,"href":"https:\/\/portalmidia.net\/index.php\/wp-json\/wp\/v2\/tags?post=42423"}],"curies":[{"name":"wp","href":"https:\/\/api.w.org\/{rel}","templated":true}]}}