 {"id":42612,"date":"2024-11-19T17:25:52","date_gmt":"2024-11-19T20:25:52","guid":{"rendered":"https:\/\/portalmidia.net\/?p=42612"},"modified":"2024-11-19T17:25:52","modified_gmt":"2024-11-19T20:25:52","slug":"investigados-tentaram-prender-alexandre-de-moraes-diz-pf","status":"publish","type":"post","link":"https:\/\/portalmidia.net\/index.php\/2024\/11\/19\/investigados-tentaram-prender-alexandre-de-moraes-diz-pf\/","title":{"rendered":"Investigados tentaram prender Alexandre de Moraes, diz PF"},"content":{"rendered":"<p style=\"text-align: justify;\">Militares investigados pela Pol\u00edcia Federal (PF) pela suspeita de planejar um golpe de Estado ap\u00f3s as elei\u00e7\u00f5es de 2022 realizaram o monitoramento do resid\u00eancia oficial do ministro do Supremo Tribunal Federal (STF) Alexandre de Moraes.<\/p>\n<p style=\"text-align: justify;\">Os investigadores conclu\u00edram que\u00a0os acusados tinham objetivo de prender Moraes, mas o plano foi cancelado ap\u00f3s o adiamento de uma sess\u00e3o do STF.<\/p>\n<p style=\"text-align: justify;\">&#8220;As mensagens trocadas entre os integrantes do grupo Copa 2022 demonstram que os investigados estavam em campo, divididos em locais espec\u00edficos para, possivelmente, executar a\u00e7\u00f5es com o objetivo de prender o ministro Alexandre de Moraes&#8221;, diz trecho do relat\u00f3rio.<\/p>\n<p style=\"text-align: justify;\">Segundo os investigadores, a suposta opera\u00e7\u00e3o para prender Moraes foi cancelada ap\u00f3s a divulga\u00e7\u00e3o do adiamento da sess\u00e3o do Supremo que julgou a quest\u00e3o do or\u00e7amento secreto do Congresso.<\/p>\n<p style=\"text-align: justify;\">A not\u00edcia do adiamento foi compartilhada no grupo de mensagens instant\u00e2neas criado pelos acusados.<\/p>\n<p>Em seguida, a opera\u00e7\u00e3o clandestina foi cancelada. &#8220;Abortar&#8230; \u00c1ustria&#8230; volta para local de desembarque&#8230; estamos aqui ainda&#8221;, disse um dos investigados.<\/p>\n<p><strong>Opera\u00e7\u00e3o<\/strong><\/p>\n<p style=\"text-align: justify;\">As informa\u00e7\u00f5es constam no relat\u00f3rio de intelig\u00eancia da Opera\u00e7\u00e3o Contragolpe, deflagrada nesta ter\u00e7a-feira (19) para prender cinco militares que pretendiam impedir a posse do presidente Luiz In\u00e1cio Lula da Silva no final do governo do ex-presidente Jair Bolsonaro.<\/p>\n<p>Conforme as investiga\u00e7\u00f5es, os acusados executaram uma opera\u00e7\u00e3o clandestina identificada como Copa 2022\u00a0no dia 15 de dezembro de 2022, tr\u00eas dias ap\u00f3s a cerim\u00f4nia na qual o Tribunal Superior Eleitoral (TSE), que era presidido por Moraes, ter diplomado Lula e Geraldo Alckmin na condi\u00e7\u00e3o de presidente e vice eleitos nas elei\u00e7\u00f5es de outubro daquele ano.<\/p>\n<p style=\"text-align: justify;\">Para n\u00e3o deixar rastros, os membros da opera\u00e7\u00e3o usaram linhas telef\u00f4nicas de terceiros e os codinomes Alemanha, Argentina, \u00c1ustria, Brasil, Jap\u00e3o e Gana para serem usados durante a comunica\u00e7\u00e3o, que foi realizada por meio do aplicativo Signal, cujo conte\u00fado \u00e9 criptografado.<\/p>\n<p style=\"text-align: justify;\">Ap\u00f3s analisar as mensagens apreendidas durante a investiga\u00e7\u00e3o e com an\u00e1lise da localiza\u00e7\u00e3o dos aparelhos celulares, a PF concluiu que \u00e9 &#8220;plenamente plaus\u00edvel&#8221; que a resid\u00eancia funcional de Alexandre de Moraes tenha sido\u00a0monitorada por um dos investigados.<\/p>\n<p><strong>Lula e Alckmin\u00a0<\/strong><\/p>\n<p style=\"text-align: justify;\">Na mesma investiga\u00e7\u00e3o, a PF indica que os investigados tinham um plano para assassinar Lula e Alckmin. Nesta data, Lula estava em S\u00e3o Paulo, participando de um evento com catadores de materiais recicl\u00e1veis. Alckmin se reunia com governadores em um hotel em Bras\u00edlia.<\/p>\n<p>&nbsp;<\/p>\n<p>&nbsp;<\/p>\n<p>Ag\u00eancia Brasil<\/p>\n","protected":false},"excerpt":{"rendered":"<p>Militares investigados pela Pol\u00edcia Federal (PF) pela suspeita de planejar um golpe de Estado ap\u00f3s as elei\u00e7\u00f5es de 2022 realizaram o monitoramento do resid\u00eancia oficial do ministro do Supremo Tribunal Federal (STF) Alexandre de Moraes. Os investigadores conclu\u00edram que\u00a0os acusados tinham objetivo de prender Moraes, mas o plano foi cancelado ap\u00f3s o adiamento de uma<\/p>\n","protected":false},"author":1,"featured_media":42613,"comment_status":"open","ping_status":"open","sticky":false,"template":"","format":"standard","meta":{"_eb_attr":"","footnotes":""},"categories":[7,3],"tags":[],"class_list":["post-42612","post","type-post","status-publish","format-standard","has-post-thumbnail","hentry","category-destaque","category-politica"],"_links":{"self":[{"href":"https:\/\/portalmidia.net\/index.php\/wp-json\/wp\/v2\/posts\/42612","targetHints":{"allow":["GET"]}}],"collection":[{"href":"https:\/\/portalmidia.net\/index.php\/wp-json\/wp\/v2\/posts"}],"about":[{"href":"https:\/\/portalmidia.net\/index.php\/wp-json\/wp\/v2\/types\/post"}],"author":[{"embeddable":true,"href":"https:\/\/portalmidia.net\/index.php\/wp-json\/wp\/v2\/users\/1"}],"replies":[{"embeddable":true,"href":"https:\/\/portalmidia.net\/index.php\/wp-json\/wp\/v2\/comments?post=42612"}],"version-history":[{"count":1,"href":"https:\/\/portalmidia.net\/index.php\/wp-json\/wp\/v2\/posts\/42612\/revisions"}],"predecessor-version":[{"id":42614,"href":"https:\/\/portalmidia.net\/index.php\/wp-json\/wp\/v2\/posts\/42612\/revisions\/42614"}],"wp:featuredmedia":[{"embeddable":true,"href":"https:\/\/portalmidia.net\/index.php\/wp-json\/wp\/v2\/media\/42613"}],"wp:attachment":[{"href":"https:\/\/portalmidia.net\/index.php\/wp-json\/wp\/v2\/media?parent=42612"}],"wp:term":[{"taxonomy":"category","embeddable":true,"href":"https:\/\/portalmidia.net\/index.php\/wp-json\/wp\/v2\/categories?post=42612"},{"taxonomy":"post_tag","embeddable":true,"href":"https:\/\/portalmidia.net\/index.php\/wp-json\/wp\/v2\/tags?post=42612"}],"curies":[{"name":"wp","href":"https:\/\/api.w.org\/{rel}","templated":true}]}}