 {"id":42615,"date":"2024-11-19T17:29:52","date_gmt":"2024-11-19T20:29:52","guid":{"rendered":"https:\/\/portalmidia.net\/?p=42615"},"modified":"2024-11-19T17:29:52","modified_gmt":"2024-11-19T20:29:52","slug":"pf-indica-militares-que-fariam-gabinete-de-crise-apos-assassinatos-grupo-seria-liderado-pelos-generais-heleno-e-braga-netto","status":"publish","type":"post","link":"https:\/\/portalmidia.net\/index.php\/2024\/11\/19\/pf-indica-militares-que-fariam-gabinete-de-crise-apos-assassinatos-grupo-seria-liderado-pelos-generais-heleno-e-braga-netto\/","title":{"rendered":"PF indica militares que fariam &#8220;gabinete de crise&#8221; ap\u00f3s assassinatos; Grupo seria liderado pelos generais Heleno e Braga Netto"},"content":{"rendered":"<p style=\"text-align: justify;\">A Pol\u00edcia Federal (PF) identificou que um n\u00facleo\u00a0de\u00a0militares, formado ap\u00f3s as elei\u00e7\u00f5es presidenciais de 2022, utilizou-se de elevado n\u00edvel de conhecimento t\u00e9cnico-militar para planejar, coordenar e executar a\u00e7\u00f5es il\u00edcitas \u2013 incluindo o monitoramento do ministro do Supremo Tribunal Federal (STF) Alexandre de Moraes. \u00c9 o que aponta of\u00edcio enviado pela corpora\u00e7\u00e3o ao pr\u00f3prio magistrado no \u00faltimo dia 14 e divulgado nesta ter\u00e7a-feira (19).<\/p>\n<p style=\"text-align: justify;\">Em minuta anexada ao of\u00edcio, a PF faz refer\u00eancia \u00e0 cria\u00e7\u00e3o de\u00a0um \u201cGabinete Institucional de Gest\u00e3o da Crise\u201d, que seria liderado pelos generais\u00a0Augusto Heleno, ex-ministro-chefe do Gabinete de Seguran\u00e7a Institucional da Presid\u00eancia da Rep\u00fablica (GSI) e conselheiro do ex-presidente\u00a0Jair Bolsonaro, e Braga Netto (foto), ex-ministro da Defesa e da Casa Civil.<\/p>\n<p style=\"text-align: justify;\">De acordo com o documento, \u201co arcabou\u00e7o jur\u00eddico do golpe seria desenhado pelo Superior Tribunal Militar (STM)\u201d.<\/p>\n<p style=\"text-align: justify;\">Ainda segundo a minuta, an\u00e1lises de conversas feitas pela\u00a0PF mencionam os seguintes nomes: \u201cCel Andr\u00e9\u201d, \u201cCel Vilela\u201d, \u201cCel Yatabe\u201d, \u201cCel Peregrino\u201d, \u201cTC Sena\u201d, \u201cTC Let\u00edcia\u201d e \u201cAmanda\u201d.<\/p>\n<p style=\"text-align: justify;\">A corpora\u00e7\u00e3o informou ter identificado\u00a0alguns dos\u00a0integrantes do grupo,\u00a0conforme descri\u00e7\u00e3o a seguir:<\/p>\n<p style=\"text-align: justify;\">&#8211; \u201cCel Andr\u00e9\u201d: pode ser uma refer\u00eancia ao coronel da Pol\u00edcia Militar do Distrito Federal (PMDF) Andr\u00e9 de Souza Costa, que atuou como secret\u00e1rio Especial de Comunica\u00e7\u00e3o Social, \u00f3rg\u00e3o vinculado ao Minist\u00e9rio das Comunica\u00e7\u00f5es.<\/p>\n<p style=\"text-align: justify;\">&#8211; \u201cCel Vilela\u201d: pode ser uma refer\u00eancia ao coronel da PMDF Anderson Vilela, secret\u00e1rio Especial Adjunto da Secretaria de Comunica\u00e7\u00e3o Social (Secom).<\/p>\n<p style=\"text-align: justify;\">&#8211; \u201cCel Yatabe\u201d: seria Hidenobu Yatabe, coronel reformado do Ex\u00e9rcito que foi chefe de assessoria da presid\u00eancia da Empresa Brasil de Comunica\u00e7\u00e3o (EBC).<\/p>\n<p style=\"text-align: justify;\">&#8211; \u201cCel Peregrino\u201d: seria Fl\u00e1vio Botelho Peregrino, assessor especial de comunica\u00e7\u00e3o social, apontado em fontes abertas como bra\u00e7o-direito do ent\u00e3o ministro da Defesa do governo Bolsonaro, general Braga Netto.<\/p>\n<p style=\"text-align: justify;\">&#8211; \u201cTC Sena\u201d: seria o tenente-coronel Darlan Sena Messias Larssen, que atuou como assessor de comunica\u00e7\u00e3o da Casa Civil e do GSI \u2013 e que teria visitado Mauro Cid,\u00a0em 2023, enquanto\u00a0esteve preso. Cid foi ajudante de ordens de Bolsonaro.<\/p>\n<p style=\"text-align: justify;\">No of\u00edcio enviado ao ministro\u00a0Alexandre de Moraes na semana passada, a PF cita t\u00e9cnicas de planejamento, coordena\u00e7\u00e3o e execu\u00e7\u00e3o t\u00edpicas de uma opera\u00e7\u00e3o militar especial no intuito de atentar contra o Estado Democr\u00e1tico de Direito.<\/p>\n<p style=\"text-align: justify;\">\u201cAs a\u00e7\u00f5es demonstram um detalhado plano de atua\u00e7\u00e3o que envolve t\u00e9cnicas de anonimiza\u00e7\u00e3o, monitoramento clandestino e emprego il\u00edcito de recursos p\u00fablicos. Para a corpora\u00e7\u00e3o, os dados obtidos pela investiga\u00e7\u00e3o justificam a ado\u00e7\u00e3o das medidas cautelares executadas na manh\u00e3 desta ter\u00e7a por meio da Opera\u00e7\u00e3o Contragolpe&#8221;, diz o documento.<\/p>\n<p style=\"text-align: justify;\">A Ag\u00eancia Brasil tenta contato com as defesas dos citados.<\/p>\n<p style=\"text-align: justify;\"><strong>Opera\u00e7\u00e3o Contragolpe<\/strong><\/p>\n<p>A PF\u00a0deflagrou nesta ter\u00e7a-feira (19) uma opera\u00e7\u00e3o para desarticular organiza\u00e7\u00e3o criminosarespons\u00e1vel por planejar um golpe de Estado para impedir a posse do presidente Luiz In\u00e1cio Lula da Silva ap\u00f3s o pleito de 2022. O plano inclu\u00eda o assassinato de Lula e do vice-presidente Geraldo Alckmin.<\/p>\n<p style=\"text-align: justify;\">&#8220;Foi identificada a exist\u00eancia de um detalhado planejamento operacional, denominado \u201cPunhal Verde e Amarelo\u201d, que seria executado no dia 15 de dezembro de 2022, voltado ao homic\u00eddio dos candidatos \u00e0 Presid\u00eancia e Vice-Presid\u00eancia da Rep\u00fablica eleitos&#8221;.<\/p>\n<p style=\"text-align: justify;\">Os criminosos tamb\u00e9m planejavam restringir o livre exerc\u00edcio do Poder Judici\u00e1rio. \u201cAinda estavam nos planos a pris\u00e3o e a execu\u00e7\u00e3o de um ministro do Supremo Tribunal Federal (STF), que vinha sendo monitorado continuamente, caso o golpe de Estado fosse consumado\u201d, destacou a PF.<\/p>\n<p style=\"text-align: justify;\">Em opera\u00e7\u00e3o deflagrada em fevereiro, a\u00a0PF j\u00e1 investigava um grupo\u00a0que atuou na tentativa de golpe de Estado e que monitorava o ministro Alexandre de Moraes.<\/p>\n<p>&nbsp;<\/p>\n<p>&nbsp;<\/p>\n<p>&nbsp;<\/p>\n<p>Ag\u00eancia Brasil<\/p>\n","protected":false},"excerpt":{"rendered":"<p>A Pol\u00edcia Federal (PF) identificou que um n\u00facleo\u00a0de\u00a0militares, formado ap\u00f3s as elei\u00e7\u00f5es presidenciais de 2022, utilizou-se de elevado n\u00edvel de conhecimento t\u00e9cnico-militar para planejar, coordenar e executar a\u00e7\u00f5es il\u00edcitas \u2013 incluindo o monitoramento do ministro do Supremo Tribunal Federal (STF) Alexandre de Moraes. \u00c9 o que aponta of\u00edcio enviado pela corpora\u00e7\u00e3o ao pr\u00f3prio magistrado no<\/p>\n","protected":false},"author":1,"featured_media":42616,"comment_status":"open","ping_status":"open","sticky":false,"template":"","format":"standard","meta":{"_eb_attr":"","footnotes":""},"categories":[7,3],"tags":[],"class_list":["post-42615","post","type-post","status-publish","format-standard","has-post-thumbnail","hentry","category-destaque","category-politica"],"_links":{"self":[{"href":"https:\/\/portalmidia.net\/index.php\/wp-json\/wp\/v2\/posts\/42615","targetHints":{"allow":["GET"]}}],"collection":[{"href":"https:\/\/portalmidia.net\/index.php\/wp-json\/wp\/v2\/posts"}],"about":[{"href":"https:\/\/portalmidia.net\/index.php\/wp-json\/wp\/v2\/types\/post"}],"author":[{"embeddable":true,"href":"https:\/\/portalmidia.net\/index.php\/wp-json\/wp\/v2\/users\/1"}],"replies":[{"embeddable":true,"href":"https:\/\/portalmidia.net\/index.php\/wp-json\/wp\/v2\/comments?post=42615"}],"version-history":[{"count":1,"href":"https:\/\/portalmidia.net\/index.php\/wp-json\/wp\/v2\/posts\/42615\/revisions"}],"predecessor-version":[{"id":42617,"href":"https:\/\/portalmidia.net\/index.php\/wp-json\/wp\/v2\/posts\/42615\/revisions\/42617"}],"wp:featuredmedia":[{"embeddable":true,"href":"https:\/\/portalmidia.net\/index.php\/wp-json\/wp\/v2\/media\/42616"}],"wp:attachment":[{"href":"https:\/\/portalmidia.net\/index.php\/wp-json\/wp\/v2\/media?parent=42615"}],"wp:term":[{"taxonomy":"category","embeddable":true,"href":"https:\/\/portalmidia.net\/index.php\/wp-json\/wp\/v2\/categories?post=42615"},{"taxonomy":"post_tag","embeddable":true,"href":"https:\/\/portalmidia.net\/index.php\/wp-json\/wp\/v2\/tags?post=42615"}],"curies":[{"name":"wp","href":"https:\/\/api.w.org\/{rel}","templated":true}]}}