 {"id":42620,"date":"2024-11-19T22:01:15","date_gmt":"2024-11-20T01:01:15","guid":{"rendered":"https:\/\/portalmidia.net\/?p=42620"},"modified":"2024-11-19T22:01:15","modified_gmt":"2024-11-20T01:01:15","slug":"tribunal-de-contas-aprova-contas-de-2022-do-prefeito-elias-costa-encerramos-com-chave-de-ouro","status":"publish","type":"post","link":"https:\/\/portalmidia.net\/index.php\/2024\/11\/19\/tribunal-de-contas-aprova-contas-de-2022-do-prefeito-elias-costa-encerramos-com-chave-de-ouro\/","title":{"rendered":"Tribunal de Contas aprova contas de 2022 do prefeito Elias Costa: \u201cEncerramos com chave de ouro"},"content":{"rendered":"<p style=\"text-align: justify;\">O prefeito de Jacara\u00fa, Elias Costa, encerra seu mandato com a aprova\u00e7\u00e3o das contas do exerc\u00edcio de 2022 pelo Tribunal de Contas do Estado, sem aplica\u00e7\u00e3o de multas. A decis\u00e3o refor\u00e7a o legado de uma gest\u00e3o marcada pela responsabilidade fiscal e pelo cumprimento de metas. Elias j\u00e1 havia tido as contas de 2021 aprovadas e celebra mais esse marco em sua trajet\u00f3ria administrativa.<\/p>\n<p style=\"text-align: justify;\">Em v\u00eddeo gravado no Tribunal de Contas, Elias destacou o trabalho da equipe jur\u00eddica e a seriedade de sua gest\u00e3o. \u201cObtivemos resultado favor\u00e1vel \u00e0 aprova\u00e7\u00e3o das contas, sem multas, demonstrando a compet\u00eancia com que gerimos Jacara\u00fa\u201d, afirmou a advogada No\u00eamia, do escrit\u00f3rio Alves Moreira, que acompanhou o julgamento. Ela ressaltou que a administra\u00e7\u00e3o alcan\u00e7ou todos os \u00edndices exigidos e manteve os pagamentos previdenci\u00e1rios em dia.<\/p>\n<p style=\"text-align: justify;\">Com essa aprova\u00e7\u00e3o, Elias encerra seus oito anos de mandato com chave de ouro, consolidando sua posi\u00e7\u00e3o como um dos prefeitos mais operosos da hist\u00f3ria de Jacara\u00fa. \u201cEstamos avan\u00e7ando juntos, com foco na transpar\u00eancia e na produtividade. Um abra\u00e7o!\u201d, declarou o prefeito.<\/p>\n<p>&nbsp;<\/p>\n<p>https:\/\/www.instagram.com\/reel\/DCkutSmMYOM\/?igsh=MWU3ZTMxNjFmOHNtcQ==<\/p>\n<p>Assessoria<\/p>\n","protected":false},"excerpt":{"rendered":"<p>O prefeito de Jacara\u00fa, Elias Costa, encerra seu mandato com a aprova\u00e7\u00e3o das contas do exerc\u00edcio de 2022 pelo Tribunal de Contas do Estado, sem aplica\u00e7\u00e3o de multas. A decis\u00e3o refor\u00e7a o legado de uma gest\u00e3o marcada pela responsabilidade fiscal e pelo cumprimento de metas. Elias j\u00e1 havia tido as contas de 2021 aprovadas e<\/p>\n","protected":false},"author":1,"featured_media":42621,"comment_status":"open","ping_status":"open","sticky":false,"template":"","format":"standard","meta":{"_eb_attr":"","footnotes":""},"categories":[7,3],"tags":[],"class_list":["post-42620","post","type-post","status-publish","format-standard","has-post-thumbnail","hentry","category-destaque","category-politica"],"_links":{"self":[{"href":"https:\/\/portalmidia.net\/index.php\/wp-json\/wp\/v2\/posts\/42620","targetHints":{"allow":["GET"]}}],"collection":[{"href":"https:\/\/portalmidia.net\/index.php\/wp-json\/wp\/v2\/posts"}],"about":[{"href":"https:\/\/portalmidia.net\/index.php\/wp-json\/wp\/v2\/types\/post"}],"author":[{"embeddable":true,"href":"https:\/\/portalmidia.net\/index.php\/wp-json\/wp\/v2\/users\/1"}],"replies":[{"embeddable":true,"href":"https:\/\/portalmidia.net\/index.php\/wp-json\/wp\/v2\/comments?post=42620"}],"version-history":[{"count":1,"href":"https:\/\/portalmidia.net\/index.php\/wp-json\/wp\/v2\/posts\/42620\/revisions"}],"predecessor-version":[{"id":42622,"href":"https:\/\/portalmidia.net\/index.php\/wp-json\/wp\/v2\/posts\/42620\/revisions\/42622"}],"wp:featuredmedia":[{"embeddable":true,"href":"https:\/\/portalmidia.net\/index.php\/wp-json\/wp\/v2\/media\/42621"}],"wp:attachment":[{"href":"https:\/\/portalmidia.net\/index.php\/wp-json\/wp\/v2\/media?parent=42620"}],"wp:term":[{"taxonomy":"category","embeddable":true,"href":"https:\/\/portalmidia.net\/index.php\/wp-json\/wp\/v2\/categories?post=42620"},{"taxonomy":"post_tag","embeddable":true,"href":"https:\/\/portalmidia.net\/index.php\/wp-json\/wp\/v2\/tags?post=42620"}],"curies":[{"name":"wp","href":"https:\/\/api.w.org\/{rel}","templated":true}]}}