 {"id":43133,"date":"2024-12-04T08:43:14","date_gmt":"2024-12-04T11:43:14","guid":{"rendered":"https:\/\/portalmidia.net\/?p=43133"},"modified":"2024-12-04T08:43:14","modified_gmt":"2024-12-04T11:43:14","slug":"paraiba-compra-500-cameras-corporais-para-as-forcas-de-seguranca-publica","status":"publish","type":"post","link":"https:\/\/portalmidia.net\/index.php\/2024\/12\/04\/paraiba-compra-500-cameras-corporais-para-as-forcas-de-seguranca-publica\/","title":{"rendered":"Para\u00edba compra 500 c\u00e2meras corporais para as for\u00e7as de seguran\u00e7a p\u00fablica"},"content":{"rendered":"<p style=\"text-align: justify;\">O Governo da Para\u00edba confirmou a aquisi\u00e7\u00e3o de 500 c\u00e2meras corporaispara a seguran\u00e7a p\u00fablica no estado. O investimento, firmado por meio de contrato assinado nesta ter\u00e7a-feira (3), ser\u00e1 destinado a agentes da Pol\u00edcia Militar, Pol\u00edcia Civil, Corpo de Bombeiros e Detran-PB.<\/p>\n<p style=\"text-align: justify;\">O contrato, firmado com a empresa Advanta Sistemas de Telecomunica\u00e7\u00f5es e Servi\u00e7os de Inform\u00e1tica LTDA., ter\u00e1 validade de tr\u00eas anos.\u00a0 S<\/p>\n<p style=\"text-align: justify;\">A previs\u00e3o \u00e9 que as c\u00e2meras sejam entregues em at\u00e9 60 dias. Ap\u00f3s esse per\u00edodo, os agentes que ir\u00e3o utilizar o equipamento passar\u00e3o por um treinamento espec\u00edfico para sua opera\u00e7\u00e3o.<\/p>\n<p style=\"text-align: justify;\">Al\u00e9m da compra estadual, a Para\u00edba est\u00e1 concorrendo com outros 12 estados e o Distrito Federal por recursos federais para ampliar o uso das chamadas bodycams. O edital, que integra o Fundo Nacional de Seguran\u00e7a P\u00fablica, prev\u00ea R$ 102 milh\u00f5es para aquisi\u00e7\u00e3o de c\u00e2meras destinadas \u00e0s Pol\u00edcias Militares de todo o pa\u00eds.<\/p>\n<p style=\"text-align: justify;\">Das 14 propostas submetidas, apenas seis estados ser\u00e3o contemplados. Caso selecionada, a Para\u00edba poder\u00e1 receber at\u00e9 1 mil c\u00e2meras corporais, atendendo institui\u00e7\u00f5es com efetivo entre 9 mil e 15 mil policiais militares.<\/p>\n<p>&nbsp;<\/p>\n<p>&nbsp;<\/p>\n","protected":false},"excerpt":{"rendered":"<p>O Governo da Para\u00edba confirmou a aquisi\u00e7\u00e3o de 500 c\u00e2meras corporaispara a seguran\u00e7a p\u00fablica no estado. O investimento, firmado por meio de contrato assinado nesta ter\u00e7a-feira (3), ser\u00e1 destinado a agentes da Pol\u00edcia Militar, Pol\u00edcia Civil, Corpo de Bombeiros e Detran-PB. O contrato, firmado com a empresa Advanta Sistemas de Telecomunica\u00e7\u00f5es e Servi\u00e7os de Inform\u00e1tica<\/p>\n","protected":false},"author":1,"featured_media":43134,"comment_status":"open","ping_status":"open","sticky":false,"template":"","format":"standard","meta":{"_eb_attr":"","footnotes":""},"categories":[7,2],"tags":[],"class_list":["post-43133","post","type-post","status-publish","format-standard","has-post-thumbnail","hentry","category-destaque","category-policial"],"_links":{"self":[{"href":"https:\/\/portalmidia.net\/index.php\/wp-json\/wp\/v2\/posts\/43133","targetHints":{"allow":["GET"]}}],"collection":[{"href":"https:\/\/portalmidia.net\/index.php\/wp-json\/wp\/v2\/posts"}],"about":[{"href":"https:\/\/portalmidia.net\/index.php\/wp-json\/wp\/v2\/types\/post"}],"author":[{"embeddable":true,"href":"https:\/\/portalmidia.net\/index.php\/wp-json\/wp\/v2\/users\/1"}],"replies":[{"embeddable":true,"href":"https:\/\/portalmidia.net\/index.php\/wp-json\/wp\/v2\/comments?post=43133"}],"version-history":[{"count":1,"href":"https:\/\/portalmidia.net\/index.php\/wp-json\/wp\/v2\/posts\/43133\/revisions"}],"predecessor-version":[{"id":43135,"href":"https:\/\/portalmidia.net\/index.php\/wp-json\/wp\/v2\/posts\/43133\/revisions\/43135"}],"wp:featuredmedia":[{"embeddable":true,"href":"https:\/\/portalmidia.net\/index.php\/wp-json\/wp\/v2\/media\/43134"}],"wp:attachment":[{"href":"https:\/\/portalmidia.net\/index.php\/wp-json\/wp\/v2\/media?parent=43133"}],"wp:term":[{"taxonomy":"category","embeddable":true,"href":"https:\/\/portalmidia.net\/index.php\/wp-json\/wp\/v2\/categories?post=43133"},{"taxonomy":"post_tag","embeddable":true,"href":"https:\/\/portalmidia.net\/index.php\/wp-json\/wp\/v2\/tags?post=43133"}],"curies":[{"name":"wp","href":"https:\/\/api.w.org\/{rel}","templated":true}]}}