 {"id":43312,"date":"2024-12-09T17:50:07","date_gmt":"2024-12-09T20:50:07","guid":{"rendered":"https:\/\/portalmidia.net\/?p=43312"},"modified":"2024-12-09T17:50:07","modified_gmt":"2024-12-09T20:50:07","slug":"caso-raro-de-encefalite-autoimune-e-tratado-no-hospital-metropolitano","status":"publish","type":"post","link":"https:\/\/portalmidia.net\/index.php\/2024\/12\/09\/caso-raro-de-encefalite-autoimune-e-tratado-no-hospital-metropolitano\/","title":{"rendered":"Caso raro de encefalite autoimune \u00e9 tratado no Hospital Metropolitano"},"content":{"rendered":"<p style=\"text-align: justify;\">Refer\u00eancia em neurologia em todo o Estado da Para\u00edba, o Hospital Metropolitano Dom Jos\u00e9 Maria Pires, pertencente \u00e0 rede estadual de sa\u00fade e gerenciado pela Funda\u00e7\u00e3o Paraibana de Gest\u00e3o em Sa\u00fade (PB Sa\u00fade), superou mais um desafio ao conseguir oferecer um tratamento adequado para uma paciente, ap\u00f3s dif\u00edcil diagn\u00f3stico de um caso raro de encefalite autoimune, uma doen\u00e7a do sistema nervoso central que pode se apresentar de v\u00e1rias maneiras.<\/p>\n<p style=\"text-align: justify;\">De acordo com a neurologista cl\u00ednica Lu\u00edza Villarim, a paciente Rosilene de Souza, de 18 anos, da cidade de Parari, no Cariri paraibano, foi diagnosticada com uma encefalite autoimune anti-NMDA, uma condi\u00e7\u00e3o neurol\u00f3gica rara, mas grave, caracterizada pela inflama\u00e7\u00e3o do c\u00e9rebro causada por anticorpos contra o receptor NMDA, que \u00e9 essencial para a transmiss\u00e3o dos sinais entre as c\u00e9lulas nervosas. A doen\u00e7a afeta principalmente mulheres jovens e pode ser desencadeada por infec\u00e7\u00f5es, mas muitas vezes sua causa exata \u00e9 desconhecida. No in\u00edcio da doen\u00e7a, pode ter sintomas agudo ou subagudo, como altera\u00e7\u00e3o comportamental, podendo ter um rebaixamento de consci\u00eancia, altera\u00e7\u00f5es psiqui\u00e1tricas, crises convulsivas, alentecimento (lentid\u00e3o), altera\u00e7\u00e3o da for\u00e7a, sensibilidade, bem como outros sintomas mais inespec\u00edficos.<\/p>\n<p style=\"text-align: justify;\">Rosilene relatou que seus primeiros sintomas foram apenas desmaios inesperados quando ia \u00e0 escola. Ela diz que ia ao posto de sa\u00fade, n\u00e3o detectavam nada e voltava para casa. At\u00e9 que depois de algum tempo, a sua m\u00e3e pediu para a m\u00e9dica solicitar uma resson\u00e2ncia magn\u00e9tica para investigar melhor o motivo desses desmaios repentinos, foi quando ap\u00f3s o resultado do exame, Rosilene foi encaminhada para atendimento no Metropolitano.<\/p>\n<p style=\"text-align: justify;\">A paciente contou que seus sintomas foram ficando cada vez mais graves at\u00e9 conseguir chegar no diagn\u00f3stico e iniciar o tratamento adequado. \u201cS\u00f3 tenho que agradecer, primeiramente a Deus, e a toda equipe do Metropolitano que me salvou, porque se n\u00e3o fosse por eles, eu n\u00e3o estaria hoje aqui. Cheguei a ficar sem conseguir beber \u00e1gua e comer sozinha, fiquei sem andar e ap\u00f3s o tratamento j\u00e1 consigo beber \u00e1gua e comer sozinha e em breve vou conseguir voltar a andar tamb\u00e9m\u201d, agradeceu.<\/p>\n<p style=\"text-align: justify;\"><img fetchpriority=\"high\" decoding=\"async\" class=\"aligncenter size-large wp-image-43315\" src=\"https:\/\/portalmidia.net\/wp-content\/uploads\/2024\/12\/IMG_9232-1024x576.jpeg\" alt=\"\" width=\"640\" height=\"360\" srcset=\"https:\/\/portalmidia.net\/wp-content\/uploads\/2024\/12\/IMG_9232-1024x576.jpeg 1024w, https:\/\/portalmidia.net\/wp-content\/uploads\/2024\/12\/IMG_9232-300x169.jpeg 300w, https:\/\/portalmidia.net\/wp-content\/uploads\/2024\/12\/IMG_9232-768x432.jpeg 768w, https:\/\/portalmidia.net\/wp-content\/uploads\/2024\/12\/IMG_9232-1536x864.jpeg 1536w, https:\/\/portalmidia.net\/wp-content\/uploads\/2024\/12\/IMG_9232-2048x1153.jpeg 2048w\" sizes=\"(max-width: 640px) 100vw, 640px\" \/>Segundo a m\u00e9dica, o diagn\u00f3stico \u00e9 feito por meio de um painel para encefalite autoimune e o tratamento para os pacientes na fase adulta \u00e9 com uma medica\u00e7\u00e3o injet\u00e1vel de imunoglobulina. \u201cAlguns pacientes podem vir a se beneficiar de outros medicamentos, como os imunossupressores, mas o tratamento r\u00e1pido \u00e9 essencial para a melhora do quadro, pois quanto antes a gente identifica e come\u00e7a a tratar, fica tamb\u00e9m mais f\u00e1cil a recupera\u00e7\u00e3o. De uma forma geral, a recupera\u00e7\u00e3o \u00e9 mais lenta, leva alguns meses para o paciente voltar ao seu estado basal\u201d, completou.<\/p>\n<p style=\"text-align: justify;\">A especialista ressaltou tamb\u00e9m que para se chegar ao diagn\u00f3stico foi necess\u00e1rio um rastreio geral e que \u201c\u00e9 muito dif\u00edcil a gente conseguir fazer o diagn\u00f3stico certo. E apesar de toda a dificuldade do caso, tem sido uma experi\u00eancia muito boa ter conseguido fechar esse diagn\u00f3stico e poder acolher e acalentar as ang\u00fastias do nosso paciente, conseguindo ter uma melhor perspectiva do tratamento adequado\u201d. Ela disse ainda que a partir do caso da jovem Rosilene, outros dois pacientes tamb\u00e9m puderam ser diagnosticados e est\u00e3o recebendo o tratamento adequado.<\/p>\n<p style=\"text-align: justify;\">O l\u00edder de medicina do Hospital Metropolitano, Vernior J\u00fanior, enfatizou a import\u00e2ncia de um diagn\u00f3stico precoce e do tratamento multidisciplinar em institui\u00e7\u00f5es de refer\u00eancia como o Hospital Metropolitano. \u201cO sucesso no tratamento \u00e9 um reflexo da qualidade dos servi\u00e7os oferecidos pela unidade de sa\u00fade e da expertise de toda equipe m\u00e9dica, que atuou de forma coordenada para salvar a vida do paciente. O Hospital Metropolitano continua sendo uma refer\u00eancia no tratamento de doen\u00e7as complexas, provando que a inova\u00e7\u00e3o no cuidado m\u00e9dico \u00e9 um fator crucial para a recupera\u00e7\u00e3o de pacientes com condi\u00e7\u00f5es graves e raras\u201d, pontuou Vernior.<\/p>\n","protected":false},"excerpt":{"rendered":"<p>Refer\u00eancia em neurologia em todo o Estado da Para\u00edba, o Hospital Metropolitano Dom Jos\u00e9 Maria Pires, pertencente \u00e0 rede estadual de sa\u00fade e gerenciado pela Funda\u00e7\u00e3o Paraibana de Gest\u00e3o em Sa\u00fade (PB Sa\u00fade), superou mais um desafio ao conseguir oferecer um tratamento adequado para uma paciente, ap\u00f3s dif\u00edcil diagn\u00f3stico de um caso raro de encefalite<\/p>\n","protected":false},"author":1,"featured_media":43314,"comment_status":"open","ping_status":"open","sticky":false,"template":"","format":"standard","meta":{"_eb_attr":"","footnotes":""},"categories":[7,5],"tags":[],"class_list":["post-43312","post","type-post","status-publish","format-standard","has-post-thumbnail","hentry","category-destaque","category-saude"],"_links":{"self":[{"href":"https:\/\/portalmidia.net\/index.php\/wp-json\/wp\/v2\/posts\/43312","targetHints":{"allow":["GET"]}}],"collection":[{"href":"https:\/\/portalmidia.net\/index.php\/wp-json\/wp\/v2\/posts"}],"about":[{"href":"https:\/\/portalmidia.net\/index.php\/wp-json\/wp\/v2\/types\/post"}],"author":[{"embeddable":true,"href":"https:\/\/portalmidia.net\/index.php\/wp-json\/wp\/v2\/users\/1"}],"replies":[{"embeddable":true,"href":"https:\/\/portalmidia.net\/index.php\/wp-json\/wp\/v2\/comments?post=43312"}],"version-history":[{"count":1,"href":"https:\/\/portalmidia.net\/index.php\/wp-json\/wp\/v2\/posts\/43312\/revisions"}],"predecessor-version":[{"id":43316,"href":"https:\/\/portalmidia.net\/index.php\/wp-json\/wp\/v2\/posts\/43312\/revisions\/43316"}],"wp:featuredmedia":[{"embeddable":true,"href":"https:\/\/portalmidia.net\/index.php\/wp-json\/wp\/v2\/media\/43314"}],"wp:attachment":[{"href":"https:\/\/portalmidia.net\/index.php\/wp-json\/wp\/v2\/media?parent=43312"}],"wp:term":[{"taxonomy":"category","embeddable":true,"href":"https:\/\/portalmidia.net\/index.php\/wp-json\/wp\/v2\/categories?post=43312"},{"taxonomy":"post_tag","embeddable":true,"href":"https:\/\/portalmidia.net\/index.php\/wp-json\/wp\/v2\/tags?post=43312"}],"curies":[{"name":"wp","href":"https:\/\/api.w.org\/{rel}","templated":true}]}}