 {"id":43317,"date":"2024-12-10T06:41:44","date_gmt":"2024-12-10T09:41:44","guid":{"rendered":"https:\/\/portalmidia.net\/?p=43317"},"modified":"2024-12-10T06:41:44","modified_gmt":"2024-12-10T09:41:44","slug":"lula-e-submetido-a-cirurgia-de-emergencia-apos-hemorragia-cerebral","status":"publish","type":"post","link":"https:\/\/portalmidia.net\/index.php\/2024\/12\/10\/lula-e-submetido-a-cirurgia-de-emergencia-apos-hemorragia-cerebral\/","title":{"rendered":"Lula \u00e9 submetido a cirurgia de emerg\u00eancia ap\u00f3s hemorragia cerebral"},"content":{"rendered":"<p style=\"text-align: justify;\">O presidente Luiz In\u00e1cio Lula da Silva esteve ontem \u00e0 noite no Hospital S\u00edrio-Liban\u00eas, unidade Bras\u00edlia, para realizar exame de imagem ap\u00f3s sentir dor de cabe\u00e7a.<\/p>\n<p><img fetchpriority=\"high\" decoding=\"async\" class=\"aligncenter size-large wp-image-43318\" src=\"https:\/\/portalmidia.net\/wp-content\/uploads\/2024\/12\/IMG_9239-1024x968.jpeg\" alt=\"\" width=\"640\" height=\"605\" srcset=\"https:\/\/portalmidia.net\/wp-content\/uploads\/2024\/12\/IMG_9239-1024x968.jpeg 1024w, https:\/\/portalmidia.net\/wp-content\/uploads\/2024\/12\/IMG_9239-300x284.jpeg 300w, https:\/\/portalmidia.net\/wp-content\/uploads\/2024\/12\/IMG_9239-768x726.jpeg 768w, https:\/\/portalmidia.net\/wp-content\/uploads\/2024\/12\/IMG_9239.jpeg 1242w\" sizes=\"(max-width: 640px) 100vw, 640px\" \/><\/p>\n<p style=\"text-align: justify;\">A resson\u00e2ncia magn\u00e9tica mostrou hemorragia intracraniana, decorrente do acidente domiciliar sofrido em 19 de outubro. Foi transferido para o Hospital S\u00edrio-Liban\u00eas, unidade S\u00e3o Paulo, onde foi submetido \u00e0 craniotomia para drenagem de hematoma. A cirurgia transcorreu sem intercorr\u00eancias.<\/p>\n<p>https:\/\/www.instagram.com\/share\/BADpOzWO65<\/p>\n","protected":false},"excerpt":{"rendered":"<p>O presidente Luiz In\u00e1cio Lula da Silva esteve ontem \u00e0 noite no Hospital S\u00edrio-Liban\u00eas, unidade Bras\u00edlia, para realizar exame de imagem ap\u00f3s sentir dor de cabe\u00e7a. A resson\u00e2ncia magn\u00e9tica mostrou hemorragia intracraniana, decorrente do acidente domiciliar sofrido em 19 de outubro. Foi transferido para o Hospital S\u00edrio-Liban\u00eas, unidade S\u00e3o Paulo, onde foi submetido \u00e0 craniotomia<\/p>\n","protected":false},"author":1,"featured_media":31058,"comment_status":"open","ping_status":"open","sticky":false,"template":"","format":"standard","meta":{"_eb_attr":"","footnotes":""},"categories":[7,3],"tags":[],"class_list":["post-43317","post","type-post","status-publish","format-standard","has-post-thumbnail","hentry","category-destaque","category-politica"],"_links":{"self":[{"href":"https:\/\/portalmidia.net\/index.php\/wp-json\/wp\/v2\/posts\/43317","targetHints":{"allow":["GET"]}}],"collection":[{"href":"https:\/\/portalmidia.net\/index.php\/wp-json\/wp\/v2\/posts"}],"about":[{"href":"https:\/\/portalmidia.net\/index.php\/wp-json\/wp\/v2\/types\/post"}],"author":[{"embeddable":true,"href":"https:\/\/portalmidia.net\/index.php\/wp-json\/wp\/v2\/users\/1"}],"replies":[{"embeddable":true,"href":"https:\/\/portalmidia.net\/index.php\/wp-json\/wp\/v2\/comments?post=43317"}],"version-history":[{"count":1,"href":"https:\/\/portalmidia.net\/index.php\/wp-json\/wp\/v2\/posts\/43317\/revisions"}],"predecessor-version":[{"id":43319,"href":"https:\/\/portalmidia.net\/index.php\/wp-json\/wp\/v2\/posts\/43317\/revisions\/43319"}],"wp:featuredmedia":[{"embeddable":true,"href":"https:\/\/portalmidia.net\/index.php\/wp-json\/wp\/v2\/media\/31058"}],"wp:attachment":[{"href":"https:\/\/portalmidia.net\/index.php\/wp-json\/wp\/v2\/media?parent=43317"}],"wp:term":[{"taxonomy":"category","embeddable":true,"href":"https:\/\/portalmidia.net\/index.php\/wp-json\/wp\/v2\/categories?post=43317"},{"taxonomy":"post_tag","embeddable":true,"href":"https:\/\/portalmidia.net\/index.php\/wp-json\/wp\/v2\/tags?post=43317"}],"curies":[{"name":"wp","href":"https:\/\/api.w.org\/{rel}","templated":true}]}}