 {"id":43404,"date":"2024-12-12T18:58:00","date_gmt":"2024-12-12T21:58:00","guid":{"rendered":"https:\/\/portalmidia.net\/?p=43404"},"modified":"2024-12-12T18:58:00","modified_gmt":"2024-12-12T21:58:00","slug":"joao-azevedo-prestigia-posse-de-ministro-vital-do-rego-filho-na-presidencia-do-tcu","status":"publish","type":"post","link":"https:\/\/portalmidia.net\/index.php\/2024\/12\/12\/joao-azevedo-prestigia-posse-de-ministro-vital-do-rego-filho-na-presidencia-do-tcu\/","title":{"rendered":"Jo\u00e3o Azev\u00eado prestigia posse de ministro Vital do R\u00eago Filho na presid\u00eancia do TCU"},"content":{"rendered":"<p style=\"text-align: justify;\">O governador Jo\u00e3o Azev\u00eado prestigiou, na manh\u00e3 desta quarta-feira (11), em Bras\u00edlia, a cerim\u00f4nia de posse do ministro Vital do R\u00eago Filho na presid\u00eancia do Tribunal de Contas da Uni\u00e3o (TCU), cargo que passa a ocupar a partir de 1\u00ba de janeiro de 2025. Na ocasi\u00e3o, tamb\u00e9m foi empossado o ministro Jorge Oliveira como vice-presidente da Corte.<\/p>\n<p style=\"text-align: justify;\">Na oportunidade, o chefe do Executivo estadual parabenizou o ministro Vital do R\u00eago Filho pela ascens\u00e3o ao cargo de presidente do TCU. \u201cN\u00f3s desejamos muito sucesso ao ministro Vital do R\u00eago nessa miss\u00e3o que ele passar\u00e1 a ocupar. Tenho certeza de que ter\u00e1 uma atua\u00e7\u00e3o exitosa, contribuindo para o bom andamento das gest\u00f5es p\u00fablicas, que resultam na efici\u00eancia de pol\u00edticas p\u00fablicas e na melhoria da qualidade de vida das pessoas\u201d, frisou.<\/p>\n<p style=\"text-align: justify;\">Em seu pronunciamento, o ministro Vital do R\u00eago Filho afirmou que sua passagem pela presid\u00eancia no TCU ser\u00e1 marcada por a\u00e7\u00f5es que tenham como objetivo principal o bem-estar da sociedade brasileira. \u201cN\u00f3s pretendemos manter uma gest\u00e3o em car\u00e1ter colaborativo nas rela\u00e7\u00f5es institucionais, com tecnicidade nas decis\u00f5es e com uma linguagem acess\u00edvel e clara. O cidad\u00e3o ser\u00e1 a b\u00fassola da nossa gest\u00e3o e auditor social. J\u00e1 fizemos muito e temos muitos desafios e vamos continuar rigorosos nas contas p\u00fablicas, na gest\u00e3o fiscal para garantir a redu\u00e7\u00e3o da profunda desigualdade do povo brasileiro\u201d, pontuou.<\/p>\n<p style=\"text-align: justify;\">Perfil &#8211; Natural de Campina Grande, o paraibano Vital do R\u00eago Filho \u00e9 formado em Medicina e Direito, exerceu mandatos eletivos como vereador por duas vezes, deputado estadual por tr\u00eas legislaturas, deputado federal e senador. Em 2014, ele assumiu o cargo de ministro do Tribunal de Contas da Uni\u00e3o por indica\u00e7\u00e3o do Senado Federal.<\/p>\n","protected":false},"excerpt":{"rendered":"<p>O governador Jo\u00e3o Azev\u00eado prestigiou, na manh\u00e3 desta quarta-feira (11), em Bras\u00edlia, a cerim\u00f4nia de posse do ministro Vital do R\u00eago Filho na presid\u00eancia do Tribunal de Contas da Uni\u00e3o (TCU), cargo que passa a ocupar a partir de 1\u00ba de janeiro de 2025. Na ocasi\u00e3o, tamb\u00e9m foi empossado o ministro Jorge Oliveira como vice-presidente<\/p>\n","protected":false},"author":1,"featured_media":43405,"comment_status":"open","ping_status":"open","sticky":false,"template":"","format":"standard","meta":{"_eb_attr":"","footnotes":""},"categories":[7,3],"tags":[],"class_list":["post-43404","post","type-post","status-publish","format-standard","has-post-thumbnail","hentry","category-destaque","category-politica"],"_links":{"self":[{"href":"https:\/\/portalmidia.net\/index.php\/wp-json\/wp\/v2\/posts\/43404","targetHints":{"allow":["GET"]}}],"collection":[{"href":"https:\/\/portalmidia.net\/index.php\/wp-json\/wp\/v2\/posts"}],"about":[{"href":"https:\/\/portalmidia.net\/index.php\/wp-json\/wp\/v2\/types\/post"}],"author":[{"embeddable":true,"href":"https:\/\/portalmidia.net\/index.php\/wp-json\/wp\/v2\/users\/1"}],"replies":[{"embeddable":true,"href":"https:\/\/portalmidia.net\/index.php\/wp-json\/wp\/v2\/comments?post=43404"}],"version-history":[{"count":1,"href":"https:\/\/portalmidia.net\/index.php\/wp-json\/wp\/v2\/posts\/43404\/revisions"}],"predecessor-version":[{"id":43406,"href":"https:\/\/portalmidia.net\/index.php\/wp-json\/wp\/v2\/posts\/43404\/revisions\/43406"}],"wp:featuredmedia":[{"embeddable":true,"href":"https:\/\/portalmidia.net\/index.php\/wp-json\/wp\/v2\/media\/43405"}],"wp:attachment":[{"href":"https:\/\/portalmidia.net\/index.php\/wp-json\/wp\/v2\/media?parent=43404"}],"wp:term":[{"taxonomy":"category","embeddable":true,"href":"https:\/\/portalmidia.net\/index.php\/wp-json\/wp\/v2\/categories?post=43404"},{"taxonomy":"post_tag","embeddable":true,"href":"https:\/\/portalmidia.net\/index.php\/wp-json\/wp\/v2\/tags?post=43404"}],"curies":[{"name":"wp","href":"https:\/\/api.w.org\/{rel}","templated":true}]}}