 {"id":4342,"date":"2023-08-03T07:16:00","date_gmt":"2023-08-03T10:16:00","guid":{"rendered":"https:\/\/portalmidia.net\/?p=4342"},"modified":"2023-08-03T09:36:47","modified_gmt":"2023-08-03T12:36:47","slug":"jovem-morre-apos-colisao-entre-motocicleta-e-onibus-no-em-cuutegi-pb","status":"publish","type":"post","link":"https:\/\/portalmidia.net\/index.php\/2023\/08\/03\/jovem-morre-apos-colisao-entre-motocicleta-e-onibus-no-em-cuutegi-pb\/","title":{"rendered":"Jovem morre ap\u00f3s colis\u00e3o entre motocicleta e \u00f4nibus no em Cuitegi-PB"},"content":{"rendered":"<p style=\"text-align: justify;\">Um grave acidente de tr\u00e2nsito foi registrado no fim da tarde de ontem (02) no munic\u00edpio de Cuitegi, no Brejo paraibano. Um jovem que trafegava por uma das vias do munic\u00edpio acabou colidindo com um \u00f4nibus em um cruzamento e o motociclista veio \u00e1 \u00f3bito, devido ao impacto. C\u00e2meras de seguran\u00e7a da regi\u00e3o registraram todo o ocorrido.<\/p>\n<p style=\"text-align: justify;\">Nas imagens \u00e9 poss\u00edvel ver que a motocicleta era conduzida no trecho com velocidade superior a do \u00f4nibus e que ao tentar atravessar o cruzamento acaba sendo atingida pelo ve\u00edculo maior. Com o impacto, a moto ficou completamente destru\u00edda e os destro\u00e7os espalhados pela via. A v\u00edtima n\u00e3o chegou a ser conduzida para nenhuma unidade de sa\u00fade e faleceu no local.<\/p>\n<p style=\"text-align: justify;\">O jovem era conhecido como &#8216;J\u00f3&#8217; e era natural do munic\u00edpio de Pil\u00f5ezinhos, que tamb\u00e9m fica na regi\u00e3o do brejo.<\/p>\n<p>https:\/\/www.instagram.com\/reel\/CvdZPSMM34W\/?utm_source=ig_web_copy_link&#038;igshid=MzRlODBiNWFlZA==<\/p>\n","protected":false},"excerpt":{"rendered":"<p>Um grave acidente de tr\u00e2nsito foi registrado no fim da tarde de ontem (02) no munic\u00edpio de Cuitegi, no Brejo paraibano. Um jovem que trafegava por uma das vias do munic\u00edpio acabou colidindo com um \u00f4nibus em um cruzamento e o motociclista veio \u00e1 \u00f3bito, devido ao impacto. C\u00e2meras de seguran\u00e7a da regi\u00e3o registraram todo<\/p>\n","protected":false},"author":1,"featured_media":4344,"comment_status":"open","ping_status":"open","sticky":false,"template":"","format":"standard","meta":{"_eb_attr":"","footnotes":""},"categories":[7,2],"tags":[],"class_list":["post-4342","post","type-post","status-publish","format-standard","has-post-thumbnail","hentry","category-destaque","category-policial"],"_links":{"self":[{"href":"https:\/\/portalmidia.net\/index.php\/wp-json\/wp\/v2\/posts\/4342","targetHints":{"allow":["GET"]}}],"collection":[{"href":"https:\/\/portalmidia.net\/index.php\/wp-json\/wp\/v2\/posts"}],"about":[{"href":"https:\/\/portalmidia.net\/index.php\/wp-json\/wp\/v2\/types\/post"}],"author":[{"embeddable":true,"href":"https:\/\/portalmidia.net\/index.php\/wp-json\/wp\/v2\/users\/1"}],"replies":[{"embeddable":true,"href":"https:\/\/portalmidia.net\/index.php\/wp-json\/wp\/v2\/comments?post=4342"}],"version-history":[{"count":0,"href":"https:\/\/portalmidia.net\/index.php\/wp-json\/wp\/v2\/posts\/4342\/revisions"}],"wp:featuredmedia":[{"embeddable":true,"href":"https:\/\/portalmidia.net\/index.php\/wp-json\/wp\/v2\/media\/4344"}],"wp:attachment":[{"href":"https:\/\/portalmidia.net\/index.php\/wp-json\/wp\/v2\/media?parent=4342"}],"wp:term":[{"taxonomy":"category","embeddable":true,"href":"https:\/\/portalmidia.net\/index.php\/wp-json\/wp\/v2\/categories?post=4342"},{"taxonomy":"post_tag","embeddable":true,"href":"https:\/\/portalmidia.net\/index.php\/wp-json\/wp\/v2\/tags?post=4342"}],"curies":[{"name":"wp","href":"https:\/\/api.w.org\/{rel}","templated":true}]}}