 {"id":44108,"date":"2025-01-02T00:46:08","date_gmt":"2025-01-02T03:46:08","guid":{"rendered":"https:\/\/portalmidia.net\/?p=44108"},"modified":"2025-01-02T00:46:08","modified_gmt":"2025-01-02T03:46:08","slug":"aracagi-pb-josilda-e-empossada-para-o-2o-mandato-e-promete-gestao-para-todos","status":"publish","type":"post","link":"https:\/\/portalmidia.net\/index.php\/2025\/01\/02\/aracagi-pb-josilda-e-empossada-para-o-2o-mandato-e-promete-gestao-para-todos\/","title":{"rendered":"ARA\u00c7AG\u00cd-PB: Josilda \u00e9 empossada para o 2\u00ba mandato e promete gest\u00e3o para todos"},"content":{"rendered":"<p style=\"text-align: justify;\">A prefeita de Ara\u00e7agi,\u00a0@josildamacena\u00a0foi empossada para exercer seu segundo mandato. Durante solenidade de posse, ela agradeceu a todos, enalteceu a bancada feminina na c\u00e2mara municipal de Ara\u00e7agi e pontuou a parceria com o marido\u00a0@val_.leite<\/p>\n<p>https:\/\/www.instagram.com\/p\/DETue2As1Uu\/<\/p>\n","protected":false},"excerpt":{"rendered":"<p>A prefeita de Ara\u00e7agi,\u00a0@josildamacena\u00a0foi empossada para exercer seu segundo mandato. Durante solenidade de posse, ela agradeceu a todos, enalteceu a bancada feminina na c\u00e2mara municipal de Ara\u00e7agi e pontuou a parceria com o marido\u00a0@val_.leite https:\/\/www.instagram.com\/p\/DETue2As1Uu\/<\/p>\n","protected":false},"author":1,"featured_media":44109,"comment_status":"open","ping_status":"open","sticky":false,"template":"","format":"standard","meta":{"_eb_attr":"","footnotes":""},"categories":[7,13],"tags":[],"class_list":["post-44108","post","type-post","status-publish","format-standard","has-post-thumbnail","hentry","category-destaque","category-noticias"],"_links":{"self":[{"href":"https:\/\/portalmidia.net\/index.php\/wp-json\/wp\/v2\/posts\/44108","targetHints":{"allow":["GET"]}}],"collection":[{"href":"https:\/\/portalmidia.net\/index.php\/wp-json\/wp\/v2\/posts"}],"about":[{"href":"https:\/\/portalmidia.net\/index.php\/wp-json\/wp\/v2\/types\/post"}],"author":[{"embeddable":true,"href":"https:\/\/portalmidia.net\/index.php\/wp-json\/wp\/v2\/users\/1"}],"replies":[{"embeddable":true,"href":"https:\/\/portalmidia.net\/index.php\/wp-json\/wp\/v2\/comments?post=44108"}],"version-history":[{"count":1,"href":"https:\/\/portalmidia.net\/index.php\/wp-json\/wp\/v2\/posts\/44108\/revisions"}],"predecessor-version":[{"id":44110,"href":"https:\/\/portalmidia.net\/index.php\/wp-json\/wp\/v2\/posts\/44108\/revisions\/44110"}],"wp:featuredmedia":[{"embeddable":true,"href":"https:\/\/portalmidia.net\/index.php\/wp-json\/wp\/v2\/media\/44109"}],"wp:attachment":[{"href":"https:\/\/portalmidia.net\/index.php\/wp-json\/wp\/v2\/media?parent=44108"}],"wp:term":[{"taxonomy":"category","embeddable":true,"href":"https:\/\/portalmidia.net\/index.php\/wp-json\/wp\/v2\/categories?post=44108"},{"taxonomy":"post_tag","embeddable":true,"href":"https:\/\/portalmidia.net\/index.php\/wp-json\/wp\/v2\/tags?post=44108"}],"curies":[{"name":"wp","href":"https:\/\/api.w.org\/{rel}","templated":true}]}}