 {"id":44111,"date":"2025-01-02T01:04:03","date_gmt":"2025-01-02T04:04:03","guid":{"rendered":"https:\/\/portalmidia.net\/?p=44111"},"modified":"2025-01-02T01:06:29","modified_gmt":"2025-01-02T04:06:29","slug":"melqui-gomes-presidira-camara-municipal-de-aracagi-nos-proximos-dois-bienios","status":"publish","type":"post","link":"https:\/\/portalmidia.net\/index.php\/2025\/01\/02\/melqui-gomes-presidira-camara-municipal-de-aracagi-nos-proximos-dois-bienios\/","title":{"rendered":"Melqui Gomes presidir\u00e1 C\u00e2mara Municipal de Ara\u00e7ag\u00ed nos pr\u00f3ximos dois bi\u00eanios"},"content":{"rendered":"<p style=\"text-align: justify;\">O vereador\u00a0@vereadormelquigomes\u00a0presidente da C\u00e2mara Municipal de Ara\u00e7agi, Agreste paraibano, foi eleito por unanimidade pelos seus pares para presidir a casa Jos\u00e9 Pessoa por mais dois mandatos.<\/p>\n<p style=\"text-align: justify;\">Ao contr\u00e1rio da disputa acirrada em v\u00e1rios munic\u00edpios pela presid\u00eancia da C\u00e2mara, Melqui conseguiu votos at\u00e9 mesmo dos vereadores que comp\u00f5em a bancada de oposi\u00e7\u00e3o \u00e0 prefeita\u00a0@josildamacena<\/p>\n<p>https:\/\/www.instagram.com\/p\/DETw8dAMtm3\/<\/p>\n","protected":false},"excerpt":{"rendered":"<p>O vereador\u00a0@vereadormelquigomes\u00a0presidente da C\u00e2mara Municipal de Ara\u00e7agi, Agreste paraibano, foi eleito por unanimidade pelos seus pares para presidir a casa Jos\u00e9 Pessoa por mais dois mandatos. Ao contr\u00e1rio da disputa acirrada em v\u00e1rios munic\u00edpios pela presid\u00eancia da C\u00e2mara, Melqui conseguiu votos at\u00e9 mesmo dos vereadores que comp\u00f5em a bancada de oposi\u00e7\u00e3o \u00e0 prefeita\u00a0@josildamacena https:\/\/www.instagram.com\/p\/DETw8dAMtm3\/<\/p>\n","protected":false},"author":1,"featured_media":44113,"comment_status":"open","ping_status":"open","sticky":false,"template":"","format":"standard","meta":{"_eb_attr":"","footnotes":""},"categories":[7,13],"tags":[],"class_list":["post-44111","post","type-post","status-publish","format-standard","has-post-thumbnail","hentry","category-destaque","category-noticias"],"_links":{"self":[{"href":"https:\/\/portalmidia.net\/index.php\/wp-json\/wp\/v2\/posts\/44111","targetHints":{"allow":["GET"]}}],"collection":[{"href":"https:\/\/portalmidia.net\/index.php\/wp-json\/wp\/v2\/posts"}],"about":[{"href":"https:\/\/portalmidia.net\/index.php\/wp-json\/wp\/v2\/types\/post"}],"author":[{"embeddable":true,"href":"https:\/\/portalmidia.net\/index.php\/wp-json\/wp\/v2\/users\/1"}],"replies":[{"embeddable":true,"href":"https:\/\/portalmidia.net\/index.php\/wp-json\/wp\/v2\/comments?post=44111"}],"version-history":[{"count":1,"href":"https:\/\/portalmidia.net\/index.php\/wp-json\/wp\/v2\/posts\/44111\/revisions"}],"predecessor-version":[{"id":44114,"href":"https:\/\/portalmidia.net\/index.php\/wp-json\/wp\/v2\/posts\/44111\/revisions\/44114"}],"wp:featuredmedia":[{"embeddable":true,"href":"https:\/\/portalmidia.net\/index.php\/wp-json\/wp\/v2\/media\/44113"}],"wp:attachment":[{"href":"https:\/\/portalmidia.net\/index.php\/wp-json\/wp\/v2\/media?parent=44111"}],"wp:term":[{"taxonomy":"category","embeddable":true,"href":"https:\/\/portalmidia.net\/index.php\/wp-json\/wp\/v2\/categories?post=44111"},{"taxonomy":"post_tag","embeddable":true,"href":"https:\/\/portalmidia.net\/index.php\/wp-json\/wp\/v2\/tags?post=44111"}],"curies":[{"name":"wp","href":"https:\/\/api.w.org\/{rel}","templated":true}]}}