 {"id":44831,"date":"2025-01-17T17:55:13","date_gmt":"2025-01-17T20:55:13","guid":{"rendered":"https:\/\/portalmidia.net\/?p=44831"},"modified":"2025-01-17T17:55:13","modified_gmt":"2025-01-17T20:55:13","slug":"paraiba-registra-reducao-nos-casos-de-covid-19-e-reforca-importancia-da-vacinacao-para-controle-epidemiologico","status":"publish","type":"post","link":"https:\/\/portalmidia.net\/index.php\/2025\/01\/17\/paraiba-registra-reducao-nos-casos-de-covid-19-e-reforca-importancia-da-vacinacao-para-controle-epidemiologico\/","title":{"rendered":"Para\u00edba registra redu\u00e7\u00e3o nos casos de Covid-19 e refor\u00e7a import\u00e2ncia da vacina\u00e7\u00e3o para controle epidemiol\u00f3gico"},"content":{"rendered":"<p style=\"text-align: justify;\">Na primeira quinzena de janeiro, a Secretaria de Estado de Sa\u00fade (SES) registrou uma redu\u00e7\u00e3o dos casos de Covid-19 na compara\u00e7\u00e3o ao mesmo per\u00edodo do ano passado, caindo de 80 casos em 2024 para 56 casos em 2025, sendo a maioria deles de gravidade baixa. A Para\u00edba tamb\u00e9m registrou queda no n\u00famero de \u00f3bitos no mesmo intervalo, saindo de 16 \u00f3bitos por Covid-19 no ano passado para 6 \u00f3bitos neste ano. Para manter o cen\u00e1rio epidemiol\u00f3gico controlado, a SES refor\u00e7a a necessidade de atualizar o esquema vacinal contra esse agravo, sobretudo nesta \u00e9poca do ano, m\u00eas em que h\u00e1 uma maior movimenta\u00e7\u00e3o de pessoas devido ao fluxo tur\u00edstico nas grandes cidades.<\/p>\n<p>Apesar do decl\u00ednio, houve um aumento das notifica\u00e7\u00f5es de S\u00edndrome Respirat\u00f3ria Aguda Grave (SRAG), com 147 casos, o que representa um aumento de aproximadamente 20%, se comparado ao mesmo per\u00edodo de 2024, quando foram registrados 123 casos de SRAG.<\/p>\n<p>De acordo com a chefe do N\u00facleo de Doen\u00e7as Transmiss\u00edveis Agudas (NDTA) da SES, Fernanda Vieira, este n\u00famero pode aumentar, considerando o per\u00edodo de sazonalidade para os v\u00edrus respirat\u00f3rios. Al\u00e9m disso, ela ressalta que a subvariante XEC da Covid-19, j\u00e1 foi confirmada em, pelo menos, dois casos no munic\u00edpio de Jo\u00e3o Pessoa.<\/p>\n<p>\u201cEmbora a nova cepa apresente alta transmissibilidade, a sua letalidade permanece baixa. Isso refor\u00e7a ainda mais a import\u00e2ncia de nos mantermos vigilantes e de incentivarmos a popula\u00e7\u00e3o a se vacinar, n\u00e3o apenas contra a Covid-19, mas tamb\u00e9m contra outras s\u00edndromes respirat\u00f3rias\u201d, destacou Fernanda, alertando que cuidados preventivos como o uso de m\u00e1scara, principalmente em locais com aglomera\u00e7\u00e3o de pessoas, e higieniza\u00e7\u00e3o das m\u00e3os continuam sendo medidas eficazes.<\/p>\n<p>Atualmente, conforme a preconiza\u00e7\u00e3o do Minist\u00e9rio da Sa\u00fade, a vacina\u00e7\u00e3o contra covid-19 faz parte do calend\u00e1rio de vacina rotina das crian\u00e7as de 6 meses a 4 anos, gestantes e idosos. De acordo com o N\u00facleo de Imuniza\u00e7\u00f5es da SES, as gr\u00e1vidas devem receber uma dose a cada gesta\u00e7\u00e3o e as pessoas com mais de 60 anos devem ser vacinadas a cada seis meses.<\/p>\n<p>Continuam no grupo especial de vacina\u00e7\u00e3o contra a Covid-19: pessoas vivendo em institui\u00e7\u00f5es de longa perman\u00eancia; imunocomprometidos; ind\u00edgenas; ribeirinhos e quilombolas. Tamb\u00e9m integram o grupo, as pu\u00e9rperas; trabalhadores da sa\u00fade; pessoas com defici\u00eancia permanente e com comorbidades; privadas de liberdade; funcion\u00e1rios do sistema de priva\u00e7\u00e3o de liberdade; adolescentes e jovens cumprindo medidas socioeducativas, al\u00e9m de pessoas em situa\u00e7\u00e3o de rua. Os imunocomprometidos devem tomar uma dose a cada seis meses e os demais do grupo especial devem receber uma dose da vacina anual. O p\u00fablico a partir de 5 anos, que n\u00e3o faz parte do grupo especial e que nunca tomou a vacina contra a Covid-19, tem recomenda\u00e7\u00e3o de tomar uma dose da vacina.<\/p>\n<p>Segundo a chefe do N\u00facleo Estadual de Imuniza\u00e7\u00f5es da SES, M\u00e1rcia Fernandes, a vacina\u00e7\u00e3o teve um grande impacto na redu\u00e7\u00e3o da mortalidade pela doen\u00e7a, evitando maior n\u00famero de \u00f3bitos e interna\u00e7\u00f5es. \u201cO principal objetivo da vacina \u00e9 reduzir casos graves e \u00f3bitos. Por isso, \u00e9 fundamental alcan\u00e7ar elevadas coberturas vacinais para todos os grupos com indica\u00e7\u00e3o\u201d, alertou M\u00e1rcia, ao frisar que a SES vem distribuindo as doses do imunizante contra a Covid-19 aos munic\u00edpios, conforme o abastecimento por parte do Minist\u00e9rio da Sa\u00fade.<\/p>\n<p>O Laborat\u00f3rio Central de Sa\u00fade P\u00fablica da Para\u00edba (Lacen-PB), em trabalho conjunto com a SES, tamb\u00e9m segue em vigil\u00e2ncia, investigando os casos suspeitos e realizando busca ativa sobre a dispers\u00e3o e circula\u00e7\u00e3o da Covid-19 e outras s\u00edndromes respirat\u00f3rias no estado da Para\u00edba por meio de sequenciamento gen\u00e9tico de nova gera\u00e7\u00e3o.<\/p>\n","protected":false},"excerpt":{"rendered":"<p>Na primeira quinzena de janeiro, a Secretaria de Estado de Sa\u00fade (SES) registrou uma redu\u00e7\u00e3o dos casos de Covid-19 na compara\u00e7\u00e3o ao mesmo per\u00edodo do ano passado, caindo de 80 casos em 2024 para 56 casos em 2025, sendo a maioria deles de gravidade baixa. A Para\u00edba tamb\u00e9m registrou queda no n\u00famero de \u00f3bitos no<\/p>\n","protected":false},"author":1,"featured_media":1842,"comment_status":"open","ping_status":"open","sticky":false,"template":"","format":"standard","meta":{"_eb_attr":"","footnotes":""},"categories":[7,5],"tags":[],"class_list":["post-44831","post","type-post","status-publish","format-standard","has-post-thumbnail","hentry","category-destaque","category-saude"],"_links":{"self":[{"href":"https:\/\/portalmidia.net\/index.php\/wp-json\/wp\/v2\/posts\/44831","targetHints":{"allow":["GET"]}}],"collection":[{"href":"https:\/\/portalmidia.net\/index.php\/wp-json\/wp\/v2\/posts"}],"about":[{"href":"https:\/\/portalmidia.net\/index.php\/wp-json\/wp\/v2\/types\/post"}],"author":[{"embeddable":true,"href":"https:\/\/portalmidia.net\/index.php\/wp-json\/wp\/v2\/users\/1"}],"replies":[{"embeddable":true,"href":"https:\/\/portalmidia.net\/index.php\/wp-json\/wp\/v2\/comments?post=44831"}],"version-history":[{"count":1,"href":"https:\/\/portalmidia.net\/index.php\/wp-json\/wp\/v2\/posts\/44831\/revisions"}],"predecessor-version":[{"id":44832,"href":"https:\/\/portalmidia.net\/index.php\/wp-json\/wp\/v2\/posts\/44831\/revisions\/44832"}],"wp:featuredmedia":[{"embeddable":true,"href":"https:\/\/portalmidia.net\/index.php\/wp-json\/wp\/v2\/media\/1842"}],"wp:attachment":[{"href":"https:\/\/portalmidia.net\/index.php\/wp-json\/wp\/v2\/media?parent=44831"}],"wp:term":[{"taxonomy":"category","embeddable":true,"href":"https:\/\/portalmidia.net\/index.php\/wp-json\/wp\/v2\/categories?post=44831"},{"taxonomy":"post_tag","embeddable":true,"href":"https:\/\/portalmidia.net\/index.php\/wp-json\/wp\/v2\/tags?post=44831"}],"curies":[{"name":"wp","href":"https:\/\/api.w.org\/{rel}","templated":true}]}}