 {"id":46892,"date":"2025-02-23T14:18:50","date_gmt":"2025-02-23T17:18:50","guid":{"rendered":"https:\/\/portalmidia.net\/?p=46892"},"modified":"2025-02-23T15:25:37","modified_gmt":"2025-02-23T18:25:37","slug":"filho-de-deolane-bezerra-e-autuado-e-tem-carro-apreendido-pela-policia","status":"publish","type":"post","link":"https:\/\/portalmidia.net\/index.php\/2025\/02\/23\/filho-de-deolane-bezerra-e-autuado-e-tem-carro-apreendido-pela-policia\/","title":{"rendered":"Filho de Deolane Bezerra \u00e9 autuado e tem carro apreendido pela pol\u00edcia"},"content":{"rendered":"<p style=\"text-align: justify;\">Na madrugada deste domingo (23\/2),\u00a0Kayky Bezerra, de 18 anos, foi autuado em flagrante e teve o carro apreendido ap\u00f3s ser abordado numa a\u00e7\u00e3o policial em S\u00e3o Paulo.\u00a0Filho de Deolane Bezerra, o rapaz dirigia em alta velocidade por uma avenida, sem Carteira Nacional de Habilita\u00e7\u00e3o (CNH).<\/p>\n<p style=\"text-align: justify;\">Agentes do 30\u00ba Distrito Policial, no Tatuap\u00e9, zona leste da capital paulista, se depararam com o carro de luxo ao realizar uma blitz para coibir crimes de tr\u00e2nsito; rachas e dire\u00e7\u00e3o perigosa, al\u00e9m da perturba\u00e7\u00e3o de sossego causada por escapamentos barulhentos.<\/p>\n<p style=\"text-align: justify;\"><strong>Relatos dos policiais<\/strong><br \/>\nSegundo relato dos policiais, Kayky fez uma convers\u00e3o brusca em alta velocidade, mas n\u00e3o apresentava sinais de embriaguez. O jovem n\u00e3o levava nada il\u00edcito dentro do ve\u00edculo. Ele foi levado para a delegacia.<\/p>\n<p style=\"text-align: justify;\">L\u00e1, assinou um termo circunstanciado e foi liberado em seguida. O herdeiro de Deolane vai responder por condu\u00e7\u00e3o de ve\u00edculo automotor sem possuir CNH. As informa\u00e7\u00f5es foram divulgadas pelo SBT.<\/p>\n<p style=\"text-align: justify;\"><strong>Carro de luxo \u00e9 de Deolane<\/strong><\/p>\n<p style=\"text-align: justify;\"><img fetchpriority=\"high\" decoding=\"async\" class=\"aligncenter wp-image-46894\" src=\"https:\/\/portalmidia.net\/wp-content\/uploads\/2025\/02\/500b85c7de20bffa105f47bb95ded96c.avif\" alt=\"\" width=\"477\" height=\"708\" srcset=\"https:\/\/portalmidia.net\/wp-content\/uploads\/2025\/02\/500b85c7de20bffa105f47bb95ded96c.avif 600w, https:\/\/portalmidia.net\/wp-content\/uploads\/2025\/02\/500b85c7de20bffa105f47bb95ded96c-202x300.avif 202w\" sizes=\"(max-width: 477px) 100vw, 477px\" \/>O autom\u00f3vel dirigido por Kayky, uma Ferrari SF90 Stradale, est\u00e1 avaliada em cerca de R$ 4,8 milh\u00f5es. A advogada \u00e9 a propriet\u00e1ria do carro.<\/p>\n<p style=\"text-align: justify;\"><strong>Ostenta\u00e7\u00e3o nas redes sociais<\/strong><\/p>\n<p style=\"text-align: justify;\">Nas redes sociais do mocinho, onde acumula mais de 1,3 milh\u00f5es de seguidores, \u00e9 poss\u00edvel ver fotos do ve\u00edculo e, tamb\u00e9m, da vida luxuosa que leva junto da m\u00e3e.<\/p>\n<p>&nbsp;<\/p>\n<p>&nbsp;<\/p>\n<p>&nbsp;<\/p>\n<p>&nbsp;<\/p>\n<p>F\u00e1bia Oliveira \/ Metr\u00f3poles<\/p>\n","protected":false},"excerpt":{"rendered":"<p>Na madrugada deste domingo (23\/2),\u00a0Kayky Bezerra, de 18 anos, foi autuado em flagrante e teve o carro apreendido ap\u00f3s ser abordado numa a\u00e7\u00e3o policial em S\u00e3o Paulo.\u00a0Filho de Deolane Bezerra, o rapaz dirigia em alta velocidade por uma avenida, sem Carteira Nacional de Habilita\u00e7\u00e3o (CNH). Agentes do 30\u00ba Distrito Policial, no Tatuap\u00e9, zona leste da<\/p>\n","protected":false},"author":1,"featured_media":46894,"comment_status":"open","ping_status":"open","sticky":false,"template":"","format":"standard","meta":{"_eb_attr":"","footnotes":""},"categories":[11],"tags":[],"class_list":["post-46892","post","type-post","status-publish","format-standard","has-post-thumbnail","hentry","category-famosos"],"_links":{"self":[{"href":"https:\/\/portalmidia.net\/index.php\/wp-json\/wp\/v2\/posts\/46892","targetHints":{"allow":["GET"]}}],"collection":[{"href":"https:\/\/portalmidia.net\/index.php\/wp-json\/wp\/v2\/posts"}],"about":[{"href":"https:\/\/portalmidia.net\/index.php\/wp-json\/wp\/v2\/types\/post"}],"author":[{"embeddable":true,"href":"https:\/\/portalmidia.net\/index.php\/wp-json\/wp\/v2\/users\/1"}],"replies":[{"embeddable":true,"href":"https:\/\/portalmidia.net\/index.php\/wp-json\/wp\/v2\/comments?post=46892"}],"version-history":[{"count":1,"href":"https:\/\/portalmidia.net\/index.php\/wp-json\/wp\/v2\/posts\/46892\/revisions"}],"predecessor-version":[{"id":46895,"href":"https:\/\/portalmidia.net\/index.php\/wp-json\/wp\/v2\/posts\/46892\/revisions\/46895"}],"wp:featuredmedia":[{"embeddable":true,"href":"https:\/\/portalmidia.net\/index.php\/wp-json\/wp\/v2\/media\/46894"}],"wp:attachment":[{"href":"https:\/\/portalmidia.net\/index.php\/wp-json\/wp\/v2\/media?parent=46892"}],"wp:term":[{"taxonomy":"category","embeddable":true,"href":"https:\/\/portalmidia.net\/index.php\/wp-json\/wp\/v2\/categories?post=46892"},{"taxonomy":"post_tag","embeddable":true,"href":"https:\/\/portalmidia.net\/index.php\/wp-json\/wp\/v2\/tags?post=46892"}],"curies":[{"name":"wp","href":"https:\/\/api.w.org\/{rel}","templated":true}]}}