 {"id":47400,"date":"2025-03-06T05:23:19","date_gmt":"2025-03-06T08:23:19","guid":{"rendered":"https:\/\/portalmidia.net\/?p=47400"},"modified":"2025-03-06T05:25:24","modified_gmt":"2025-03-06T08:25:24","slug":"mulher-que-mordeu-pessoas-em-camarote-se-manifesta-e-da-outra-versao","status":"publish","type":"post","link":"https:\/\/portalmidia.net\/index.php\/2025\/03\/06\/mulher-que-mordeu-pessoas-em-camarote-se-manifesta-e-da-outra-versao\/","title":{"rendered":"Mulher que mordeu pessoas em camarote se manifesta e d\u00e1 outra vers\u00e3o"},"content":{"rendered":"<p style=\"text-align: justify;\">A advogada Danielle Buenaga de Azevedo, que foi presa na Marqu\u00eas de Sapuca\u00ed, na noite de ter\u00e7a-feira (4\/3), acusada de morder diversas pessoas em um camarote, resolveu se manifestar sobre o caso e deu uma outra vers\u00e3o.<\/p>\n<p style=\"text-align: justify;\">De acordo com ela, que publicou um comunicado assinado por seu advogado, Carlos Andr\u00e9 Franco M. Viana, nos stories do Instagram, a abordagem realizada pelos agentes foi \u201ctruculenta e sem respeito a quaisquer protocolos\u201d.<\/p>\n<p style=\"text-align: justify;\"><strong>Veja a nota na \u00edntegra<\/strong><br \/>\n\u201cDiante da massiva divulga\u00e7\u00e3o de not\u00edcias que informam que folia teria \u201cmordido\u201d frequentadores em um camarote na Sapuca\u00ed, prezamos pela parcim\u00f4nia e confiamos que haja uma investiga\u00e7\u00e3o s\u00e9ria e eficiente das for\u00e7as policiais para que todos os fatos possam ser devidamente esclarecidos.<\/p>\n<p style=\"text-align: justify;\">Os fatos noticiados n\u00e3o s\u00e3o verdadeiros. A acusada foi v\u00edtima de uma abordagem truculenta e sem respeito a quaisquer protocolos. E uma mulher guerreira, m\u00e3e e filha, advogada com uma carreira invej\u00e1vel com muita dedica\u00e7\u00e3o aos seus clientes que, neste exato momento encontra-se no hospital recebendo cuidados m\u00e9dicos, j\u00e1 que esse direito lhe foi negado, passando inclusive por procedimento de tomografia diante das graves les\u00f5es que sofreu.<\/p>\n<p style=\"text-align: justify;\">J\u00e1 apuramos que o imbr\u00f3glio ocorreu quando da tentativa de reentrada ao camarote, onde o sistema de bilhetagem apresentou erro sist\u00eamico, n\u00e3o sendo poss\u00edvel realizar o reconhecimento facial anteriormente cadastrado, negando o acesso, mesmo estando com camisa oficial.<\/p>\n<p style=\"text-align: justify;\">Diante da reiterada negativa de acesso, uma equipe da Guarda Municipal que passava pelo local, ao inv\u00e9s de dirimir o impasse, agiu de forma extremamente arbitr\u00e1ria, decidindo retir\u00e1-la do local sem qualquer justo motivo, aplicando um golpe desproporcional conhecido como \u201cmata-leao\u201d, al\u00e9m do uso indiscriminado de algemas, como divulgado em diversas fotografias.<\/p>\n<p style=\"text-align: justify;\">Nos chama aten\u00e7\u00e3o o fato de a respectiva guarni\u00e7\u00e3o ser do \u201cGrupamento Maria da Penha\u201d, cuja fun\u00e7\u00e3o prec\u00edpua \u00e9 acolher a mulher v\u00edtima de viol\u00eancia e n\u00e3o revitim\u00e1-la, al\u00e9m de n\u00e3o possuir c\u00e2maras corporais que registrassem suas respectivas a\u00e7\u00f5es.<\/p>\n<p style=\"text-align: justify;\">Foi negada \u00e0 v\u00edtima o contato com sua defesa t\u00e9cnica, acesso imediato a atendimento m\u00e9dico para cuidar das agress\u00f5es sofridas durante a abordagem, al\u00e9m de n\u00e3o ter sido encaminhada para sala de acolhimento para atendimento psicossocial.<\/p>\n<p style=\"text-align: justify;\">N\u00e3o houve a identifica\u00e7\u00e3o de supostas v\u00edtimas, clientes do citado camarote que teriam sido mordidos pela acusada. Conclui-se que houve a cria\u00e7\u00e3o de um factoide para esconder as diversas ilegalidades perpetradas a uma mulher v\u00edtima de viol\u00eancia sem que houvesse o devido acolhimento institucional, tanto \u00e9 que ap\u00f3s submiss\u00e3o dos fatos \u00e0 Ju\u00edza plantonista a acusada foi posta, imediatamente, em liberdade.<\/p>\n<p style=\"text-align: justify;\">Esperamos, que todos os fatos sejam devidamente investigados, com as respectivas responsabiliza\u00e7\u00f5es e, por fim, que haja a devida absolvi\u00e7\u00e3o das condutas que sequer cometeu\u201d.<\/p>\n<p>&nbsp;<\/p>\n<p>Fabia Oliveira\/Metr\u00f3poles<\/p>\n","protected":false},"excerpt":{"rendered":"<p>A advogada Danielle Buenaga de Azevedo, que foi presa na Marqu\u00eas de Sapuca\u00ed, na noite de ter\u00e7a-feira (4\/3), acusada de morder diversas pessoas em um camarote, resolveu se manifestar sobre o caso e deu uma outra vers\u00e3o. De acordo com ela, que publicou um comunicado assinado por seu advogado, Carlos Andr\u00e9 Franco M. Viana, nos<\/p>\n","protected":false},"author":1,"featured_media":47403,"comment_status":"open","ping_status":"open","sticky":false,"template":"","format":"standard","meta":{"_eb_attr":"","footnotes":""},"categories":[11],"tags":[],"class_list":["post-47400","post","type-post","status-publish","format-standard","has-post-thumbnail","hentry","category-famosos"],"_links":{"self":[{"href":"https:\/\/portalmidia.net\/index.php\/wp-json\/wp\/v2\/posts\/47400","targetHints":{"allow":["GET"]}}],"collection":[{"href":"https:\/\/portalmidia.net\/index.php\/wp-json\/wp\/v2\/posts"}],"about":[{"href":"https:\/\/portalmidia.net\/index.php\/wp-json\/wp\/v2\/types\/post"}],"author":[{"embeddable":true,"href":"https:\/\/portalmidia.net\/index.php\/wp-json\/wp\/v2\/users\/1"}],"replies":[{"embeddable":true,"href":"https:\/\/portalmidia.net\/index.php\/wp-json\/wp\/v2\/comments?post=47400"}],"version-history":[{"count":3,"href":"https:\/\/portalmidia.net\/index.php\/wp-json\/wp\/v2\/posts\/47400\/revisions"}],"predecessor-version":[{"id":47404,"href":"https:\/\/portalmidia.net\/index.php\/wp-json\/wp\/v2\/posts\/47400\/revisions\/47404"}],"wp:featuredmedia":[{"embeddable":true,"href":"https:\/\/portalmidia.net\/index.php\/wp-json\/wp\/v2\/media\/47403"}],"wp:attachment":[{"href":"https:\/\/portalmidia.net\/index.php\/wp-json\/wp\/v2\/media?parent=47400"}],"wp:term":[{"taxonomy":"category","embeddable":true,"href":"https:\/\/portalmidia.net\/index.php\/wp-json\/wp\/v2\/categories?post=47400"},{"taxonomy":"post_tag","embeddable":true,"href":"https:\/\/portalmidia.net\/index.php\/wp-json\/wp\/v2\/tags?post=47400"}],"curies":[{"name":"wp","href":"https:\/\/api.w.org\/{rel}","templated":true}]}}