 {"id":47405,"date":"2025-03-06T05:31:45","date_gmt":"2025-03-06T08:31:45","guid":{"rendered":"https:\/\/portalmidia.net\/?p=47405"},"modified":"2025-03-06T05:31:45","modified_gmt":"2025-03-06T08:31:45","slug":"virginia-fonseca-comemora-engajamento-apos-mostrar-internacao-do-filho","status":"publish","type":"post","link":"https:\/\/portalmidia.net\/index.php\/2025\/03\/06\/virginia-fonseca-comemora-engajamento-apos-mostrar-internacao-do-filho\/","title":{"rendered":"Virginia Fonseca comemora engajamento ap\u00f3s mostrar interna\u00e7\u00e3o do filho"},"content":{"rendered":"<p style=\"text-align: justify;\">Ap\u00f3s ser detonada pelos internautas por expor as fotos do filho ca\u00e7ula, Jos\u00e9 Leonardo, de 5 meses, enquanto estava internado, Virginia Fonseca resolveu comemorar a marca de 15 milh\u00f5es de visualiza\u00e7\u00f5es nos stories do Instagram, ap\u00f3s contar que o menino teve alta.<\/p>\n<p style=\"text-align: justify;\">\u201cForam 15 milh\u00f5es de pessoas aqui com a gente esses dias. Eu s\u00f3 tenho a agradecer, primeiramente a Deus e a todos voc\u00eas, pelo carinho e pela paci\u00eancia!!! Muita gratid\u00e3o\u201d, escreveu ela.<\/p>\n<p style=\"text-align: justify;\">Cr\u00edticas dos internautas<br \/>\nVirginia Fonseca compartilhou com seus f\u00e3s os momentos de recupera\u00e7\u00e3o do ca\u00e7ula, Jos\u00e9 Leonardo, que estava internado com bronquiolite desde o \u00faltimo s\u00e1bado (1\u00ba\/3), nas redes sociais. Mas o comportamento da influenciadora tem incomodado alguns internautas.<\/p>\n<p style=\"text-align: justify;\">A esposa de Z\u00e9 Felipe foi detonada por usu\u00e1rios do X, antigo Twitter, por trocar a foto de seu perfil por uma imagem do beb\u00ea, de apenas 5 meses, na cama do hospital e com um aux\u00edlio de oxig\u00eanio no nariz. Ap\u00f3s a repercuss\u00e3o do caso, ela recuou e colocou um clique com o marido e os tr\u00eas filhos.<\/p>\n<p style=\"text-align: justify;\">\u201cEssa Virginia \u00e9 muito sem no\u00e7\u00e3o, n\u00e9? Olha a p*rra da foto que ela coloca no perfil. Tudo isso por engajamento\u201d, disparou um. \u201cTudo o que eu sei sobre a Virginia Fonseca \u00e9 contra minha vontade. Eu realmente sinto muito pelos filhos dela e o Z\u00e9 Filipe \u00e9 um tapado\u201d, afirmou outro. \u201cO filho da Virginia no hospital, passando por problemas e olha a foto que essa mulher escolhe do filho pra botar no perfil dela\u201d, reclamou uma terceira. \u201cQuero muito saber quem \u00e9 o estagi\u00e1rio que posta coisa no IG da funer\u00e1ria como se fosse a Virginia Fonseca\u201d, zoou mais um.<\/p>\n<p>&nbsp;<\/p>\n<p>&nbsp;<\/p>\n<p>&nbsp;<\/p>\n<p>&nbsp;<\/p>\n<p>F\u00e1bia Oliveira\/Metr\u00f3poles<\/p>\n","protected":false},"excerpt":{"rendered":"<p>Ap\u00f3s ser detonada pelos internautas por expor as fotos do filho ca\u00e7ula, Jos\u00e9 Leonardo, de 5 meses, enquanto estava internado, Virginia Fonseca resolveu comemorar a marca de 15 milh\u00f5es de visualiza\u00e7\u00f5es nos stories do Instagram, ap\u00f3s contar que o menino teve alta. \u201cForam 15 milh\u00f5es de pessoas aqui com a gente esses dias. Eu s\u00f3<\/p>\n","protected":false},"author":1,"featured_media":47407,"comment_status":"open","ping_status":"open","sticky":false,"template":"","format":"standard","meta":{"_eb_attr":"","footnotes":""},"categories":[11],"tags":[],"class_list":["post-47405","post","type-post","status-publish","format-standard","has-post-thumbnail","hentry","category-famosos"],"_links":{"self":[{"href":"https:\/\/portalmidia.net\/index.php\/wp-json\/wp\/v2\/posts\/47405","targetHints":{"allow":["GET"]}}],"collection":[{"href":"https:\/\/portalmidia.net\/index.php\/wp-json\/wp\/v2\/posts"}],"about":[{"href":"https:\/\/portalmidia.net\/index.php\/wp-json\/wp\/v2\/types\/post"}],"author":[{"embeddable":true,"href":"https:\/\/portalmidia.net\/index.php\/wp-json\/wp\/v2\/users\/1"}],"replies":[{"embeddable":true,"href":"https:\/\/portalmidia.net\/index.php\/wp-json\/wp\/v2\/comments?post=47405"}],"version-history":[{"count":1,"href":"https:\/\/portalmidia.net\/index.php\/wp-json\/wp\/v2\/posts\/47405\/revisions"}],"predecessor-version":[{"id":47408,"href":"https:\/\/portalmidia.net\/index.php\/wp-json\/wp\/v2\/posts\/47405\/revisions\/47408"}],"wp:featuredmedia":[{"embeddable":true,"href":"https:\/\/portalmidia.net\/index.php\/wp-json\/wp\/v2\/media\/47407"}],"wp:attachment":[{"href":"https:\/\/portalmidia.net\/index.php\/wp-json\/wp\/v2\/media?parent=47405"}],"wp:term":[{"taxonomy":"category","embeddable":true,"href":"https:\/\/portalmidia.net\/index.php\/wp-json\/wp\/v2\/categories?post=47405"},{"taxonomy":"post_tag","embeddable":true,"href":"https:\/\/portalmidia.net\/index.php\/wp-json\/wp\/v2\/tags?post=47405"}],"curies":[{"name":"wp","href":"https:\/\/api.w.org\/{rel}","templated":true}]}}