 {"id":47548,"date":"2025-03-09T05:20:27","date_gmt":"2025-03-09T08:20:27","guid":{"rendered":"https:\/\/portalmidia.net\/?p=47548"},"modified":"2025-03-09T05:20:27","modified_gmt":"2025-03-09T08:20:27","slug":"joao-azevedo-anuncia-ampliacao-da-patrulha-maria-da-penha-para-regiao-de-patos-e-centros-de-referencia-da-mulher-em-20-municipios","status":"publish","type":"post","link":"https:\/\/portalmidia.net\/index.php\/2025\/03\/09\/joao-azevedo-anuncia-ampliacao-da-patrulha-maria-da-penha-para-regiao-de-patos-e-centros-de-referencia-da-mulher-em-20-municipios\/","title":{"rendered":"Jo\u00e3o Azev\u00eado anuncia amplia\u00e7\u00e3o da Patrulha Maria da Penha para regi\u00e3o de Patos e Centros de Refer\u00eancia da Mulher em 20 munic\u00edpios"},"content":{"rendered":"<p style=\"text-align: justify;\">O governador Jo\u00e3o Azev\u00eado lan\u00e7ou, nesta sexta-feira (7), em solenidade no Espa\u00e7o Cultural Jos\u00e9 Lins do Rego, em Jo\u00e3o Pessoa, uma s\u00e9rie de a\u00e7\u00f5es em alus\u00e3o ao Dia Internacional da Mulher, celebrado em 8 de mar\u00e7o. Dentre as iniciativas anunciadas pelo gestor est\u00e3o a expans\u00e3o do Programa Integrado Patrulha Maria da Penha para a regi\u00e3o de Patos e o lan\u00e7amento das 20 cidades contempladas com os Centros de Refer\u00eancia da Mulher, dentro do programa \u2018Para\u00edba 2025\/2026\u2019; do edital Mulheres e Meninas na Ci\u00eancia, com investimentos de R$ 500 mil, por meio da Funda\u00e7\u00e3o de Apoio \u00e0 Pesquisa do Estado da Para\u00edba (Fapesq) e da Secretaria de Estado da Ci\u00eancia, Tecnologia, Inova\u00e7\u00e3o e Ensino Superior; e da campanha Mar\u00e7o das Mulheres 2025.<\/p>\n<p>Na ocasi\u00e3o, o chefe do Executivo estadual ressaltou a satisfa\u00e7\u00e3o de assegurar o fortalecimento de pol\u00edticas p\u00fablicas voltadas para o protagonismo e prote\u00e7\u00e3o das mulheres. \u201cN\u00f3s fazemos um governo de inclus\u00e3o e celebramos o avan\u00e7o de muitas conquistas. A cada ano conseguimos ampliar as pol\u00edticas p\u00fablicas nas mais diversas \u00e1reas a partir da intersetorialidade das a\u00e7\u00f5es das Secretarias, a exemplo da constru\u00e7\u00e3o de 213 creches, constru\u00e7\u00e3o de maternidades, amplia\u00e7\u00e3o da Patrulha Maria da Penha e entendemos ser fundamental educar os homens para que possamos acabar com a viol\u00eancia contra a mulher, assegurando o respeito e a igualdade de oportunidades\u201d, frisou.<\/p>\n<p><img fetchpriority=\"high\" decoding=\"async\" class=\"aligncenter size-large wp-image-47550\" src=\"https:\/\/portalmidia.net\/wp-content\/uploads\/2025\/03\/unnamed-5-1024x616.jpg\" alt=\"\" width=\"640\" height=\"385\" srcset=\"https:\/\/portalmidia.net\/wp-content\/uploads\/2025\/03\/unnamed-5-1024x616.jpg 1024w, https:\/\/portalmidia.net\/wp-content\/uploads\/2025\/03\/unnamed-5-300x181.jpg 300w, https:\/\/portalmidia.net\/wp-content\/uploads\/2025\/03\/unnamed-5-768x462.jpg 768w, https:\/\/portalmidia.net\/wp-content\/uploads\/2025\/03\/unnamed-5.jpg 1532w\" sizes=\"(max-width: 640px) 100vw, 640px\" \/>A secret\u00e1ria da Mulher e da Diversidade Humana, L\u00eddia Moura, evidenciou o olhar atencioso da gest\u00e3o estadual com as pol\u00edticas voltadas para a mulher. \u201cO governador Jo\u00e3o Azev\u00eado, no dia de hoje, interioriza ainda mais as a\u00e7\u00f5es, com medidas muito importantes como os 20 Centros de Refer\u00eancia espalhados pelo estado para que as mulheres tenham uma cobertura abrangente. Al\u00e9m disso, a Patrulha Maria da Penha est\u00e1 sendo mais uma vez ampliada, foi assinado o edital Mulheres e Meninas na Ci\u00eancia, voltado para as nossas pesquisadoras, e autorizados cr\u00e9ditos do Empreender Mulher, que j\u00e1 destinou mais de R$ 7,7 milh\u00f5es para as empreendedoras. Tudo isso \u00e9 uma demonstra\u00e7\u00e3o de que n\u00f3s nos importamos, colocamos or\u00e7amento, temos pol\u00edticas p\u00fablicas, estamos fazendo a nossa parte e queremos tamb\u00e9m que a sociedade se engaje para enfrentarmos o maior desafio que \u00e9 a viol\u00eancia\u201d, pontuou.<\/p>\n<p>O programa Patrulha Maria da Penha, abranger\u00e1 158 munic\u00edpios a partir da implanta\u00e7\u00e3o na regi\u00e3o de Patos, atendendo tamb\u00e9m Areia de Bara\u00fanas, Cacimbas, Cacimba de Areia, Condado, Desterro, Junco do Serid\u00f3, M\u00e3e D&#8217;\u00c1gua, Malta, Matureia, Passagem, Quixaba, Santa Luzia, Santa Terezinha, S\u00e3o Jos\u00e9 de Espinharas, S\u00e3o Jos\u00e9 do Bonfim, S\u00e3o Jos\u00e9 do Sabugi, S\u00e3o Mamede, Teixeira, V\u00e1rzea e Vista Serrana.<\/p>\n<p>\u201cA cada ano estamos expandindo o programa para enfrentar a viol\u00eancia contra a mulher e os dados de feminic\u00eddios com medidas preventivas e esta a\u00e7\u00e3o traz isso, com a fiscaliza\u00e7\u00e3o do cumprimento das medidas protetivas, atrav\u00e9s de uma equipe multiprofissional e da Pol\u00edcia Militar. \u00c9 importante que as mulheres tenham espa\u00e7o de acolhimento. Com essa amplia\u00e7\u00e3o anunciada pelo governador Jo\u00e3o Azev\u00eado, j\u00e1 chegamos em mais da metade dos munic\u00edpios paraibanos e a nossa meta \u00e9 atingir os 100%\u201d, pontuou a coordenadora Programa Integrado Patrulha Maria da Penha, M\u00f4nica Brand\u00e3o.<\/p>\n<p>Na solenidade tamb\u00e9m foram assinados contratos do Empreender Para\u00edba que contemplaram 59 empreendedoras dos munic\u00edpios de Bom Jesus, Monte Horebe, Nova Floresta, S\u00e3o Jos\u00e9 de Piranhas, Santa Helena e Vista Serrana, totalizando um investimento de R$ 459 mil.<\/p>\n<p><img decoding=\"async\" class=\"aligncenter size-large wp-image-47551\" src=\"https:\/\/portalmidia.net\/wp-content\/uploads\/2025\/03\/unnamed-3-1024x615.jpg\" alt=\"\" width=\"640\" height=\"384\" srcset=\"https:\/\/portalmidia.net\/wp-content\/uploads\/2025\/03\/unnamed-3-1024x615.jpg 1024w, https:\/\/portalmidia.net\/wp-content\/uploads\/2025\/03\/unnamed-3-300x180.jpg 300w, https:\/\/portalmidia.net\/wp-content\/uploads\/2025\/03\/unnamed-3-768x461.jpg 768w, https:\/\/portalmidia.net\/wp-content\/uploads\/2025\/03\/unnamed-3.jpg 1491w\" sizes=\"(max-width: 640px) 100vw, 640px\" \/>Jo\u00e3o Azev\u00eado anunciou os munic\u00edpios onde ser\u00e3o instalados os Centros de Refer\u00eancia da Mulher, dentro do programa \u2018Para\u00edba 2025\/2026\u2019. S\u00e3o eles: Jo\u00e3o Pessoa &#8211; Regi\u00e3o Sul, no Geisel;\u00a0\u2060Cabedelo; Santa Rita;\u00a0\u2060Alhandra;\u00a0\u2060Conde; Mamanguape; Pedro Regis; Itabaiana; Sap\u00e9;\u00a0\u2060Sol\u00e2nea;Queimadas; Soledade; Picu\u00ed; Monteiro; Princesa Isabel; Itaporanga; S\u00e3o Bento; Pombal;\u2060\u00a0Sousa; e Triunfo.<\/p>\n<p>Editais e outras a\u00e7\u00f5es\u00a0&#8211; No evento, foi assinado o edital \u2018Prefeitura Parceira das Mulheres 2025\u2019, que nesta edi\u00e7\u00e3o ser\u00e1 voltado especialmente para mulheres com defici\u00eancia, visando fomentar pol\u00edticas municipais que promovam a inclus\u00e3o e a autonomia delas; e o edital Mulheres e Meninas na Ci\u00eancia, que tem o objetivo de selecionar propostas para apoio financeiro a projetos de pesquisas cient\u00edficas, tecnol\u00f3gicas e de inova\u00e7\u00e3o, desenvolvidos por pesquisadoras, vinculadas a Institui\u00e7\u00f5es de Ensino Superior (IES) ou a Institui\u00e7\u00f5es de Ci\u00eancia, Tecnologia e Inova\u00e7\u00e3o (ICTI), sediadas na Para\u00edba, que busquem contribuir significativamente para o fortalecimento do protagonismo feminino, nas \u00e1reas de conhecimento Ci\u00eancias Humanas; Ci\u00eancias Sociais Aplicadas e Lingu\u00edstica, Letras e Artes.<\/p>\n<p><img decoding=\"async\" class=\"aligncenter size-large wp-image-47552\" src=\"https:\/\/portalmidia.net\/wp-content\/uploads\/2025\/03\/unnamed-2-1024x631.jpg\" alt=\"\" width=\"640\" height=\"394\" srcset=\"https:\/\/portalmidia.net\/wp-content\/uploads\/2025\/03\/unnamed-2-1024x631.jpg 1024w, https:\/\/portalmidia.net\/wp-content\/uploads\/2025\/03\/unnamed-2-300x185.jpg 300w, https:\/\/portalmidia.net\/wp-content\/uploads\/2025\/03\/unnamed-2-768x473.jpg 768w, https:\/\/portalmidia.net\/wp-content\/uploads\/2025\/03\/unnamed-2.jpg 1360w\" sizes=\"(max-width: 640px) 100vw, 640px\" \/>Ainda foi anunciado o Comit\u00ea Gestor do Pacto Estadual de Preven\u00e7\u00e3o aos Feminic\u00eddios, que ser\u00e1 respons\u00e1vel por coordenar a\u00e7\u00f5es integradas entre \u00f3rg\u00e3os estaduais e municipais para prevenir e combater os casos de feminic\u00eddio no estado; e lan\u00e7ada a 2\u00aa edi\u00e7\u00e3o da revista \u201cViv\u00eancias femininas\u201d, que destaca mulheres paraibanas de diferentes faixas et\u00e1rias e profiss\u00f5es variadas, cada uma em seu momento de vida relevante, e seus relatos sobre supera\u00e7\u00f5es e conquistas.<\/p>\n<p>A senadora Daniella Ribeiro, idealizadora do projeto Antes que Aconte\u00e7a, destacou a import\u00e2ncia do envolvimento de toda a sociedade para assegurar a prote\u00e7\u00e3o da mulher. \u201cN\u00f3s seguimos com esse forte trabalho em defesa das mulheres, contra a viol\u00eancia dom\u00e9stica, atuando desde a parte da educa\u00e7\u00e3o, com presen\u00e7a nas escolas, porque estamos falando de mudan\u00e7as para agora e gradativas, para que possamos lan\u00e7ar as sementes e colher no futuro, dando as respostas quando acontece a viol\u00eancia, na preven\u00e7\u00e3o e na liberta\u00e7\u00e3o da mulher, a partir do empreendedorismo feminino, garantindo a independ\u00eancia financeira e interrompendo ciclos de viol\u00eancia\u201d, comentou.<\/p>\n<p>A deputada estadual Danielle de Vale evidenciou a satisfa\u00e7\u00e3o de representar as mulheres nos espa\u00e7os de poder. \u201cEu me sinto feliz por representar as mulheres paraibanas na Assembleia Legislativa e integrar um governo que \u00e9 inclusivo, que trabalha por um estado justo e igualit\u00e1rio, que assegura a voz das mulheres no Or\u00e7amento Democr\u00e1tico, que estimula o empreendedorismo feminino e que age no enfrentamento da viol\u00eancia. Avan\u00e7amos muito, temos grandes desafios e vamos seguir rompendo as barreiras\u201d, falou.<\/p>\n<p>A prefeita de Bom Jesus, Denise Bayma, parabenizou as a\u00e7\u00f5es da gest\u00e3o estadual em defesa da mulher. \u201c\u00c9 uma satisfa\u00e7\u00e3o representar as prefeitas da Para\u00edba e contar com um governo parceiro, que protege e apoia as mulheres, criando mecanismos e estruturas para que possamos amparar e garantir a sobreviv\u00eancia digna das mulheres\u201d, disse.<\/p>\n<p>A ju\u00edza Luciana Lopes, que representou o Conselho Nacional de Justi\u00e7a (CNJ) na solenidade, destacou a uni\u00e3o de esfor\u00e7os para garantir a prote\u00e7\u00e3o e oportunidades para as mulheres. \u201cTodos n\u00f3s somos agentes hist\u00f3ricos e transformadores e temos a miss\u00e3o de cumprir o compromisso internacional do Brasil, enquanto CNJ, na defesa dos direitos das mulheres. N\u00f3s temos que ter pol\u00edticas p\u00fablicas afirmativas, com entregas como as de hoje que d\u00e3o direito \u00e0 prote\u00e7\u00e3o, repara\u00e7\u00e3o e assist\u00eancia. A Para\u00edba faz entregas extraordin\u00e1rias e vamos seguir trabalhando para garantir liberdade e participa\u00e7\u00e3o feminina para que tenhamos um mundo com cada vez mais equidade de g\u00eanero\u201d, declarou.<\/p>\n<p>Prestigiaram a solenidade o vice-governador Lucas Ribeiro; a primeira-dama do Estado, Ana Maria Lins; a segunda-dama Camila Mariz; o deputado federal Wilson Santiago; a deputada estadual Francisca Motta; os deputados estaduais Tanilson Soares, Luciano Cartaxo, Jo\u00e3o Gon\u00e7alves, Gilbertinho, Michel Henrique e Cicinho Lima; o presidente do Tribunal de Justi\u00e7a da Para\u00edba, desembargador Frederico Coutinho; prefeitas de diversos munic\u00edpios da Para\u00edba; as vereadoras Jailma Carvalho e J\u00f4 Oliveira; auxiliares da gest\u00e3o estadual; dentre outras autoridades.<\/p>\n","protected":false},"excerpt":{"rendered":"<p>O governador Jo\u00e3o Azev\u00eado lan\u00e7ou, nesta sexta-feira (7), em solenidade no Espa\u00e7o Cultural Jos\u00e9 Lins do Rego, em Jo\u00e3o Pessoa, uma s\u00e9rie de a\u00e7\u00f5es em alus\u00e3o ao Dia Internacional da Mulher, celebrado em 8 de mar\u00e7o. Dentre as iniciativas anunciadas pelo gestor est\u00e3o a expans\u00e3o do Programa Integrado Patrulha Maria da Penha para a regi\u00e3o<\/p>\n","protected":false},"author":1,"featured_media":47549,"comment_status":"open","ping_status":"open","sticky":false,"template":"","format":"standard","meta":{"_eb_attr":"","footnotes":""},"categories":[7,3],"tags":[],"class_list":["post-47548","post","type-post","status-publish","format-standard","has-post-thumbnail","hentry","category-destaque","category-politica"],"_links":{"self":[{"href":"https:\/\/portalmidia.net\/index.php\/wp-json\/wp\/v2\/posts\/47548","targetHints":{"allow":["GET"]}}],"collection":[{"href":"https:\/\/portalmidia.net\/index.php\/wp-json\/wp\/v2\/posts"}],"about":[{"href":"https:\/\/portalmidia.net\/index.php\/wp-json\/wp\/v2\/types\/post"}],"author":[{"embeddable":true,"href":"https:\/\/portalmidia.net\/index.php\/wp-json\/wp\/v2\/users\/1"}],"replies":[{"embeddable":true,"href":"https:\/\/portalmidia.net\/index.php\/wp-json\/wp\/v2\/comments?post=47548"}],"version-history":[{"count":1,"href":"https:\/\/portalmidia.net\/index.php\/wp-json\/wp\/v2\/posts\/47548\/revisions"}],"predecessor-version":[{"id":47553,"href":"https:\/\/portalmidia.net\/index.php\/wp-json\/wp\/v2\/posts\/47548\/revisions\/47553"}],"wp:featuredmedia":[{"embeddable":true,"href":"https:\/\/portalmidia.net\/index.php\/wp-json\/wp\/v2\/media\/47549"}],"wp:attachment":[{"href":"https:\/\/portalmidia.net\/index.php\/wp-json\/wp\/v2\/media?parent=47548"}],"wp:term":[{"taxonomy":"category","embeddable":true,"href":"https:\/\/portalmidia.net\/index.php\/wp-json\/wp\/v2\/categories?post=47548"},{"taxonomy":"post_tag","embeddable":true,"href":"https:\/\/portalmidia.net\/index.php\/wp-json\/wp\/v2\/tags?post=47548"}],"curies":[{"name":"wp","href":"https:\/\/api.w.org\/{rel}","templated":true}]}}