 {"id":4796,"date":"2023-08-08T10:00:19","date_gmt":"2023-08-08T13:00:19","guid":{"rendered":"https:\/\/portalmidia.net\/?p=4796"},"modified":"2023-08-08T10:00:19","modified_gmt":"2023-08-08T13:00:19","slug":"justica-autoriza-quebra-de-sigilo-de-fazendeiro-que-ameacou-atirar-em-lula","status":"publish","type":"post","link":"https:\/\/portalmidia.net\/index.php\/2023\/08\/08\/justica-autoriza-quebra-de-sigilo-de-fazendeiro-que-ameacou-atirar-em-lula\/","title":{"rendered":"Justi\u00e7a autoriza quebra de sigilo de fazendeiro que amea\u00e7ou atirar em Lula"},"content":{"rendered":"<p>O fazendeiro Arilson Strapasson, que fez amea\u00e7as ao presidente\u00a0Luiz In\u00e1cio Lula da Silva\u00a0(PT), teve a quebra de sigilo de dados autorizada pela Justi\u00e7a Federal do\u00a0Par\u00e1.<\/p>\n<div class=\"m-banner-wrap m-banner-rectangle m-publicity-content-middle\"><\/div>\n<p data-gtm-vis-recent-on-screen-104869357_94=\"29432\" data-gtm-vis-first-on-screen-104869357_94=\"29432\" data-gtm-vis-total-visible-time-104869357_94=\"100\" data-gtm-vis-has-fired-104869357_94=\"1\">O objetivo da quebra de sigilo \u00e9 o avan\u00e7o das investiga\u00e7\u00f5es sobre os motivos que possam ter levado o fazendeiro a fazer as amea\u00e7as. A decis\u00e3o foi tomada pela ju\u00edza federal de Santar\u00e9m, no Par\u00e1, M\u00f4nica Guimar\u00e3es Lima, e o portal g1 teve acesso ao documento.<\/p>\n<p>M\u00f4nica ainda determinou o acesso aos celulares de Strapasson, bem como a proibi\u00e7\u00e3o de aproxima\u00e7\u00e3o do fazendeiro ao distrito de Alter do Ch\u00e3o, em Santar\u00e9m, e o uso de tornozeleira eletr\u00f4nica por 10 dias.<\/p>\n<div class=\"m-banner-teads\"><\/div>\n<p><strong>Relembre<\/strong><\/p>\n<p>O fazendeiro Arilson Strapasson ficou conhecido nacionalmente por fazer amea\u00e7as ao presidente. Ele chegou a ser\u00a0<a href=\"https:\/\/www.metropoles.com\/brasil\/pf-prende-no-para-homem-que-ameacou-dar-um-tiro-na-barriga-de-lula\" target=\"_blank\" rel=\"noopener\">preso<\/a>, na \u00faltima quinta-feira (3\/8),\u00a0mas acabou solto na sexta-feira (4\/8).<\/p>\n<div class=\"m-banner-wrap m-banner-rectangle m-publicity-content-middle\"><\/div>\n<p>O presidente passaria o fim de semana na cidade, ap\u00f3s participar de evento em Parintins (AM) na sexta-feira (4\/8), e, segundo investiga\u00e7\u00f5es da Pol\u00edcia Federal, os relatos das testemunhas s\u00e3o de que Strapasson teria afirmado que iria \u201cdar um tiro na barriga de Lula\u201d na ocasi\u00e3o. Nesta ter\u00e7a-feira (8\/8), Lula est\u00e1 em Bel\u00e9m (PA) para a\u00a0C\u00fapula da Amaz\u00f4nia.<\/p>\n<p>&nbsp;<\/p>\n<p>&nbsp;<\/p>\n<p>&nbsp;<\/p>\n<p>&nbsp;<\/p>\n<p>&nbsp;<\/p>\n<p>&nbsp;<\/p>\n<p>metropoles<\/p>\n","protected":false},"excerpt":{"rendered":"<p>O fazendeiro Arilson Strapasson, que fez amea\u00e7as ao presidente\u00a0Luiz In\u00e1cio Lula da Silva\u00a0(PT), teve a quebra de sigilo de dados autorizada pela Justi\u00e7a Federal do\u00a0Par\u00e1. O objetivo da quebra de sigilo \u00e9 o avan\u00e7o das investiga\u00e7\u00f5es sobre os motivos que possam ter levado o fazendeiro a fazer as amea\u00e7as. A decis\u00e3o foi tomada pela ju\u00edza<\/p>\n","protected":false},"author":1,"featured_media":4798,"comment_status":"open","ping_status":"open","sticky":false,"template":"","format":"standard","meta":{"_eb_attr":"","footnotes":""},"categories":[7,3],"tags":[],"class_list":["post-4796","post","type-post","status-publish","format-standard","has-post-thumbnail","hentry","category-destaque","category-politica"],"_links":{"self":[{"href":"https:\/\/portalmidia.net\/index.php\/wp-json\/wp\/v2\/posts\/4796","targetHints":{"allow":["GET"]}}],"collection":[{"href":"https:\/\/portalmidia.net\/index.php\/wp-json\/wp\/v2\/posts"}],"about":[{"href":"https:\/\/portalmidia.net\/index.php\/wp-json\/wp\/v2\/types\/post"}],"author":[{"embeddable":true,"href":"https:\/\/portalmidia.net\/index.php\/wp-json\/wp\/v2\/users\/1"}],"replies":[{"embeddable":true,"href":"https:\/\/portalmidia.net\/index.php\/wp-json\/wp\/v2\/comments?post=4796"}],"version-history":[{"count":0,"href":"https:\/\/portalmidia.net\/index.php\/wp-json\/wp\/v2\/posts\/4796\/revisions"}],"wp:featuredmedia":[{"embeddable":true,"href":"https:\/\/portalmidia.net\/index.php\/wp-json\/wp\/v2\/media\/4798"}],"wp:attachment":[{"href":"https:\/\/portalmidia.net\/index.php\/wp-json\/wp\/v2\/media?parent=4796"}],"wp:term":[{"taxonomy":"category","embeddable":true,"href":"https:\/\/portalmidia.net\/index.php\/wp-json\/wp\/v2\/categories?post=4796"},{"taxonomy":"post_tag","embeddable":true,"href":"https:\/\/portalmidia.net\/index.php\/wp-json\/wp\/v2\/tags?post=4796"}],"curies":[{"name":"wp","href":"https:\/\/api.w.org\/{rel}","templated":true}]}}