 {"id":4838,"date":"2023-08-08T15:51:55","date_gmt":"2023-08-08T18:51:55","guid":{"rendered":"https:\/\/portalmidia.net\/?p=4838"},"modified":"2023-08-08T15:51:55","modified_gmt":"2023-08-08T18:51:55","slug":"diretora-do-hospital-regional-de-guarabira-e-diretora-tecnica-participam-de-workshop-em-sao-paulo","status":"publish","type":"post","link":"https:\/\/portalmidia.net\/index.php\/2023\/08\/08\/diretora-do-hospital-regional-de-guarabira-e-diretora-tecnica-participam-de-workshop-em-sao-paulo\/","title":{"rendered":"Diretora do Hospital Regional de Guarabira e diretora t\u00e9cnica participam de workshop em S\u00e3o Paulo"},"content":{"rendered":"<p style=\"text-align: justify;\">2\u00b0. Workshop do Projeto Qualifica\u00e7\u00e3o Hospitalar: \u201cCompromisso em Cuidar das Pessoas e Fortalecer a Sa\u00fade\u201d.<\/p>\n<p>A busca pelo melhor ambiente de trabalho e por pr\u00e1ticas seguras e de qualidade \u00e9 RESPONSABILIDADE de todos n\u00f3s.<\/p>\n<p>O Programa de Apoio ao Desenvolvimento Institucional do Sistema \u00danico de Sa\u00fade (PROADI-SUS) \u00e9 uma a\u00e7\u00e3o do Minist\u00e9rio da Sa\u00fade dirigida ao fortalecimento do SUS por meio de interven\u00e7\u00f5es tecnol\u00f3gicas, gerenciais e de capacita\u00e7\u00e3o profissional em parceria com seis hospitais de reconhecida excel\u00eancia, entre esses o Hcor.<\/p>\n<p>O Projeto Qualifica\u00e7\u00e3o Hospitalar &#8211; Apoia 30 institui\u00e7\u00f5es hospitalares na execu\u00e7\u00e3o de estrat\u00e9gias voltadas \u00e0 seguran\u00e7a do paciente, tendo por eixo a governan\u00e7a assistencial. O HRG est\u00e1 entre eles.<\/p>\n<p>Objetivo Geral:<br \/>\n\u2022 Apoiar a gest\u00e3o assistencial na implanta\u00e7\u00e3o do protocolo de alerta precoce de deteriora\u00e7\u00e3o cl\u00ednica nas unidades de interna\u00e7\u00e3o cl\u00ednica adulta. (No HRG \u00e9 na CM- Cl\u00ednica M\u00e9dica).<br \/>\nObjetivos Espec\u00edficos:<br \/>\n\u2022 Aumentar a ades\u00e3o ao protocolo de alerta precoce de deteriora\u00e7\u00e3o cl\u00ednica em 30% (de X para Y) at\u00e9 dezembro de 2023;<br \/>\n\u2022 Reduzir o evento adverso c\u00f3digo azul em 50% (de X para Y) at\u00e9 dezembro de 2023; \u2022 Elevar a percep\u00e7\u00e3o dos profissionais das unidades participantes sobre a cultura de<br \/>\nseguran\u00e7a em 30% (de X para Y) at\u00e9 dezembro de 2023.<\/p>\n<p>Esse workshop \u00e9 para debater toda evolu\u00e7\u00e3o do projeto em cada hospital, assim como troca de experi\u00eancias entre todos os hospitais. O HCor disponibilizou duas vagas para cada hospital, onde o HRG foi representado pela diretora Polyana Torres e a diretora t\u00e9cnica Cynthia Vilhena.<\/p>\n<p><img fetchpriority=\"high\" decoding=\"async\" class=\"aligncenter size-full wp-image-4840\" src=\"https:\/\/portalmidia.net\/wp-content\/uploads\/2023\/08\/Opera-Instantaneo_2023-08-08_155016_www.instagram.com_.png\" alt=\"\" width=\"398\" height=\"500\" srcset=\"https:\/\/portalmidia.net\/wp-content\/uploads\/2023\/08\/Opera-Instantaneo_2023-08-08_155016_www.instagram.com_.png 398w, https:\/\/portalmidia.net\/wp-content\/uploads\/2023\/08\/Opera-Instantaneo_2023-08-08_155016_www.instagram.com_-239x300.png 239w\" sizes=\"(max-width: 398px) 100vw, 398px\" \/><\/p>\n","protected":false},"excerpt":{"rendered":"<p>2\u00b0. Workshop do Projeto Qualifica\u00e7\u00e3o Hospitalar: \u201cCompromisso em Cuidar das Pessoas e Fortalecer a Sa\u00fade\u201d. A busca pelo melhor ambiente de trabalho e por pr\u00e1ticas seguras e de qualidade \u00e9 RESPONSABILIDADE de todos n\u00f3s. O Programa de Apoio ao Desenvolvimento Institucional do Sistema \u00danico de Sa\u00fade (PROADI-SUS) \u00e9 uma a\u00e7\u00e3o do Minist\u00e9rio da Sa\u00fade dirigida<\/p>\n","protected":false},"author":1,"featured_media":4841,"comment_status":"open","ping_status":"open","sticky":false,"template":"","format":"standard","meta":{"_eb_attr":"","footnotes":""},"categories":[7,5],"tags":[],"class_list":["post-4838","post","type-post","status-publish","format-standard","has-post-thumbnail","hentry","category-destaque","category-saude"],"_links":{"self":[{"href":"https:\/\/portalmidia.net\/index.php\/wp-json\/wp\/v2\/posts\/4838","targetHints":{"allow":["GET"]}}],"collection":[{"href":"https:\/\/portalmidia.net\/index.php\/wp-json\/wp\/v2\/posts"}],"about":[{"href":"https:\/\/portalmidia.net\/index.php\/wp-json\/wp\/v2\/types\/post"}],"author":[{"embeddable":true,"href":"https:\/\/portalmidia.net\/index.php\/wp-json\/wp\/v2\/users\/1"}],"replies":[{"embeddable":true,"href":"https:\/\/portalmidia.net\/index.php\/wp-json\/wp\/v2\/comments?post=4838"}],"version-history":[{"count":0,"href":"https:\/\/portalmidia.net\/index.php\/wp-json\/wp\/v2\/posts\/4838\/revisions"}],"wp:featuredmedia":[{"embeddable":true,"href":"https:\/\/portalmidia.net\/index.php\/wp-json\/wp\/v2\/media\/4841"}],"wp:attachment":[{"href":"https:\/\/portalmidia.net\/index.php\/wp-json\/wp\/v2\/media?parent=4838"}],"wp:term":[{"taxonomy":"category","embeddable":true,"href":"https:\/\/portalmidia.net\/index.php\/wp-json\/wp\/v2\/categories?post=4838"},{"taxonomy":"post_tag","embeddable":true,"href":"https:\/\/portalmidia.net\/index.php\/wp-json\/wp\/v2\/tags?post=4838"}],"curies":[{"name":"wp","href":"https:\/\/api.w.org\/{rel}","templated":true}]}}