 {"id":49165,"date":"2025-04-13T23:28:24","date_gmt":"2025-04-14T02:28:24","guid":{"rendered":"https:\/\/portalmidia.net\/?p=49165"},"modified":"2025-04-13T23:28:24","modified_gmt":"2025-04-14T02:28:24","slug":"idade-para-aposentadoria-de-mulheres-policiais-pode-ser-mudada","status":"publish","type":"post","link":"https:\/\/portalmidia.net\/index.php\/2025\/04\/13\/idade-para-aposentadoria-de-mulheres-policiais-pode-ser-mudada\/","title":{"rendered":"Idade para aposentadoria de mulheres policiais pode ser mudada"},"content":{"rendered":"<p style=\"text-align: justify;\">O Supremo Tribunal Federal (STF) registrou neste domingo (13) tr\u00eas votos para confirmar a suspens\u00e3o da regra que igualou em 55 anos a idade m\u00ednima para aposentadoria de homens e mulheres policiais civis e federais.<\/p>\n<p style=\"text-align: justify;\">A Corte est\u00e1 decidindo se referenda a decis\u00e3o individual do ministro Fl\u00e1vio Dino, relator do caso, para suspender a regra, prevista na Emenda Constitucional 103\/2019, aprovada durante o governo de Jair Bolsonaro.<\/p>\n<p>Em outubro do ano passado, Dino fixou que a idade para aposentadoria de mulheres policiais civis e federais deve seguir o crit\u00e9rio de 3 anos de redu\u00e7\u00e3o em rela\u00e7\u00e3o ao per\u00edodo dos homens, ou seja, 52 anos. A medida deve ser adotada at\u00e9 que o Congresso crie nova regra.<\/p>\n<p style=\"text-align: justify;\"><img fetchpriority=\"high\" decoding=\"async\" class=\"aligncenter size-full wp-image-49167\" src=\"https:\/\/portalmidia.net\/wp-content\/uploads\/2025\/04\/IMG_3482.jpeg\" alt=\"\" width=\"496\" height=\"618\" srcset=\"https:\/\/portalmidia.net\/wp-content\/uploads\/2025\/04\/IMG_3482.jpeg 496w, https:\/\/portalmidia.net\/wp-content\/uploads\/2025\/04\/IMG_3482-241x300.jpeg 241w\" sizes=\"(max-width: 496px) 100vw, 496px\" \/>A an\u00e1lise da quest\u00e3o \u00e9 motivada por uma a\u00e7\u00e3o protocolada pela Associa\u00e7\u00e3o dos Delegados de Pol\u00edcia do Brasil (Adepol do Brasil).<\/p>\n<p>Segundo a entidade, o Congresso desconsiderou a diferencia\u00e7\u00e3o constitucional de g\u00eanero entre homens e mulheres para concess\u00e3o de aposentadoria especial.<\/p>\n<p style=\"text-align: justify;\">At\u00e9 o momento, o STF registra placar de tr\u00eas votos para manter a decis\u00e3o. Al\u00e9m de Fl\u00e1vio Dino, votaram os ministros Gilmar Mendes e Alexandre de Moraes. Faltam os votos de oito ministros.<\/p>\n<p style=\"text-align: justify;\">O caso \u00e9 julgado no plen\u00e1rio virtual da Corte, modalidade na qual os ministros inserem os votos no sistema eletr\u00f4nico e n\u00e3o h\u00e1 delibera\u00e7\u00e3o presencial. A vota\u00e7\u00e3o vai at\u00e9 quinta-feira (24).<\/p>\n","protected":false},"excerpt":{"rendered":"<p>O Supremo Tribunal Federal (STF) registrou neste domingo (13) tr\u00eas votos para confirmar a suspens\u00e3o da regra que igualou em 55 anos a idade m\u00ednima para aposentadoria de homens e mulheres policiais civis e federais. A Corte est\u00e1 decidindo se referenda a decis\u00e3o individual do ministro Fl\u00e1vio Dino, relator do caso, para suspender a regra,<\/p>\n","protected":false},"author":1,"featured_media":49166,"comment_status":"open","ping_status":"open","sticky":false,"template":"","format":"standard","meta":{"_eb_attr":"","footnotes":""},"categories":[7,13],"tags":[],"class_list":["post-49165","post","type-post","status-publish","format-standard","has-post-thumbnail","hentry","category-destaque","category-noticias"],"_links":{"self":[{"href":"https:\/\/portalmidia.net\/index.php\/wp-json\/wp\/v2\/posts\/49165","targetHints":{"allow":["GET"]}}],"collection":[{"href":"https:\/\/portalmidia.net\/index.php\/wp-json\/wp\/v2\/posts"}],"about":[{"href":"https:\/\/portalmidia.net\/index.php\/wp-json\/wp\/v2\/types\/post"}],"author":[{"embeddable":true,"href":"https:\/\/portalmidia.net\/index.php\/wp-json\/wp\/v2\/users\/1"}],"replies":[{"embeddable":true,"href":"https:\/\/portalmidia.net\/index.php\/wp-json\/wp\/v2\/comments?post=49165"}],"version-history":[{"count":1,"href":"https:\/\/portalmidia.net\/index.php\/wp-json\/wp\/v2\/posts\/49165\/revisions"}],"predecessor-version":[{"id":49168,"href":"https:\/\/portalmidia.net\/index.php\/wp-json\/wp\/v2\/posts\/49165\/revisions\/49168"}],"wp:featuredmedia":[{"embeddable":true,"href":"https:\/\/portalmidia.net\/index.php\/wp-json\/wp\/v2\/media\/49166"}],"wp:attachment":[{"href":"https:\/\/portalmidia.net\/index.php\/wp-json\/wp\/v2\/media?parent=49165"}],"wp:term":[{"taxonomy":"category","embeddable":true,"href":"https:\/\/portalmidia.net\/index.php\/wp-json\/wp\/v2\/categories?post=49165"},{"taxonomy":"post_tag","embeddable":true,"href":"https:\/\/portalmidia.net\/index.php\/wp-json\/wp\/v2\/tags?post=49165"}],"curies":[{"name":"wp","href":"https:\/\/api.w.org\/{rel}","templated":true}]}}