 {"id":49498,"date":"2025-04-21T02:39:21","date_gmt":"2025-04-21T05:39:21","guid":{"rendered":"https:\/\/portalmidia.net\/?p=49498"},"modified":"2025-04-21T02:40:44","modified_gmt":"2025-04-21T05:40:44","slug":"baia-da-traicao-governo-da-paraiba-anuncia-desassoreamento-de-rios-sinimbu-e-mamanguape","status":"publish","type":"post","link":"https:\/\/portalmidia.net\/index.php\/2025\/04\/21\/baia-da-traicao-governo-da-paraiba-anuncia-desassoreamento-de-rios-sinimbu-e-mamanguape\/","title":{"rendered":"BA\u00cdA DA TRAI\u00c7\u00c3O: Governo da Para\u00edba anuncia desassoreamento de rios Sinimbu e Mamanguape"},"content":{"rendered":"<p style=\"text-align: justify;\">No\u00a0Dia Nacional dos Povos Ind\u00edgenas (19 de abril), o\u00a0Governo da Para\u00edba, por meio da Secretaria\u00a0de Estado da Mulher e da Diversidade Humana (Semdh), entregou uma s\u00e9rie de a\u00e7\u00f5es na\u00a0Aldeia S\u00e3o Francisco\/Terreiro Sagrado, em\u00a0Ba\u00eda da Trai\u00e7\u00e3o (Litoral Norte), fortalecendo o compromisso com o\u00a0desenvolvimento sustent\u00e1vel, a valoriza\u00e7\u00e3o das culturas Potiguara e Tabajara e a efetiva\u00e7\u00e3o do Plano da Igualdade Racial.<\/p>\n<p style=\"text-align: justify;\">O evento contou com a presen\u00e7a da secret\u00e1ria da Semdh, L\u00eddia Moura, de lideran\u00e7as ind\u00edgenas, vereadores e representantes da Prefeitura de Ba\u00eda da Trai\u00e7\u00e3o e diversas secretarias estaduais, como Secretarias de Infraestrutura (Seinfra), Desenvolvimento Humano (Sedh), Ci\u00eancia e Tecnologia (Secits), Meio Ambiente (Seman) e Agropecu\u00e1ria e Pesca (Sedap).<\/p>\n<p style=\"text-align: justify;\"><img fetchpriority=\"high\" decoding=\"async\" class=\"aligncenter size-large wp-image-49500\" src=\"https:\/\/portalmidia.net\/wp-content\/uploads\/2025\/04\/IMG_3707-768x1024.jpeg\" alt=\"\" width=\"640\" height=\"853\" srcset=\"https:\/\/portalmidia.net\/wp-content\/uploads\/2025\/04\/IMG_3707-768x1024.jpeg 768w, https:\/\/portalmidia.net\/wp-content\/uploads\/2025\/04\/IMG_3707-225x300.jpeg 225w, https:\/\/portalmidia.net\/wp-content\/uploads\/2025\/04\/IMG_3707-1152x1536.jpeg 1152w, https:\/\/portalmidia.net\/wp-content\/uploads\/2025\/04\/IMG_3707-1024x1365.jpeg 1024w, https:\/\/portalmidia.net\/wp-content\/uploads\/2025\/04\/IMG_3707.jpeg 1200w\" sizes=\"(max-width: 640px) 100vw, 640px\" \/>Durante a solenidade, foram\u00a0distribu\u00eddos 100 mil alevinos para piscicultura, uma tonelada de semente de feij\u00e3o, uma tonelada de semente de milho, 500 arrobas de inhame e duas mil mudas de \u00e1rvores nativas\u00a0para a etnia Potiguara. J\u00e1 os Tabajara receber\u00e3o os insumos no dia\u00a024 de abril, incluindo\u00a050 mil alevinos, 200 kg de sementes de feij\u00e3o, 240 kg de sementes de milho, 100 arrobas de inhame e mil mudas.<\/p>\n<p style=\"text-align: justify;\">Jos\u00e9 Ot\u00e1vio Targino, da\u00a0Secretaria de Desenvolvimento da Agropecu\u00e1ria e Pesca, destacou que esses recursos v\u00e3o impulsionar a seguran\u00e7a alimentar e a gera\u00e7\u00e3o de renda nas aldeias, respeitando os saberes tradicionais.<\/p>\n<p style=\"text-align: justify;\"><img decoding=\"async\" class=\"aligncenter size-large wp-image-49501\" src=\"https:\/\/portalmidia.net\/wp-content\/uploads\/2025\/04\/IMG_3706-768x1024.jpeg\" alt=\"\" width=\"640\" height=\"853\" srcset=\"https:\/\/portalmidia.net\/wp-content\/uploads\/2025\/04\/IMG_3706-768x1024.jpeg 768w, https:\/\/portalmidia.net\/wp-content\/uploads\/2025\/04\/IMG_3706-225x300.jpeg 225w, https:\/\/portalmidia.net\/wp-content\/uploads\/2025\/04\/IMG_3706-1152x1536.jpeg 1152w, https:\/\/portalmidia.net\/wp-content\/uploads\/2025\/04\/IMG_3706-1024x1365.jpeg 1024w, https:\/\/portalmidia.net\/wp-content\/uploads\/2025\/04\/IMG_3706.jpeg 1200w\" sizes=\"(max-width: 640px) 100vw, 640px\" \/>Outro an\u00fancio importante foi o\u00a0edital para a contrata\u00e7\u00e3o de empresa que vai elaborar o projeto de desassoreamento dos rios Sinimbu e Mamanguape, demanda antiga das comunidades.\u00a0O cacique-geral, Sandro Gomes, emocionou-se ao falar sobre o lan\u00e7amento do edital.\u00a0\u201cA cheia do rio Sinimbu foi uma trag\u00e9dia. Agora, queremos voltar a tomar banho no rio e ajudar nossas aldeias S\u00e3o Miguel e Benfica\u201d.<\/p>\n<p style=\"text-align: justify;\">Al\u00e9m da caminhada at\u00e9 as Furnas Sagradas e a tradicional dan\u00e7a do Tor\u00e9, o evento teve momentos emocionantes, como o\u00a0minuto de sil\u00eancio\u00a0pedido pelo\u00a0cacique Geo, em homenagem \u00e0s lideran\u00e7as que j\u00e1 partiram.\u00a0A Paj\u00e9 F\u00e1tima\u00a0agradeceu ao Governo do Estado pelo apoio.<\/p>\n<p style=\"text-align: justify;\">A secret\u00e1ria L\u00eddia Moura refor\u00e7ou que todas as a\u00e7\u00f5es foram constru\u00eddas em di\u00e1logo com as comunidades.\u00a0\u201cTodas as a\u00e7\u00f5es anunciadas \u2013 desassoreamento, distribui\u00e7\u00e3o de alevinos, sementes e mudas \u2013 foram solicitadas pelos Potiguaras e Tabajaras. Seus saberes ancestrais nos guiam para um futuro melhor\u201d, ressaltou.<\/p>\n<p style=\"text-align: justify;\">A\u00a0Secretaria de Ci\u00eancia e Tecnologia (Secits)\u00a0lan\u00e7ou o\u00a0Centro Tecnol\u00f3gico Ind\u00edgena Potiguara, equipado com computadores, internet e cursos de capacita\u00e7\u00e3o.\u00a0Gabriela Brito, representante da Secits, explicou que o espa\u00e7o vai funcionar em parceria com o conhecimento ancestral ind\u00edgena, unindo tecnologia e tradi\u00e7\u00e3o. Al\u00e9m disso, foram\u00a0assinados dois decretos: o\u00a046.456, que inclui os Jogos Ind\u00edgenas no calend\u00e1rio oficial do estado, e o\u00a046.455, que reconhece a diversidade dos povos ind\u00edgenas como fundamental para a forma\u00e7\u00e3o da sociedade paraibana.<\/p>\n<p style=\"text-align: justify;\">A\u00a0Secretaria de Estado do Desenvolvimento Humano (Sedh)\u00a0vai implantar uma\u00a0cozinha comunit\u00e1ria, que servir\u00e1 como espa\u00e7o de conviv\u00eancia e preserva\u00e7\u00e3o da culin\u00e1ria tradicional.\u00a0A secret\u00e1ria L\u00eddia Moura afirmou que essa cozinha ser\u00e1 centro de resist\u00eancia cultural, garantindo alimenta\u00e7\u00e3o saud\u00e1vel e valorizando os saberes das mulheres ind\u00edgenas.<\/p>\n<p style=\"text-align: justify;\">O\u00a0vereador Ronaldo do Mel\u00a0celebrou as conquistas e destacou a import\u00e2ncia da recupera\u00e7\u00e3o das mangabeiras e cajueiros, essenciais para a subsist\u00eancia local.\u00a0Sandro Gomes, cacique-geral, encerrou o evento com uma avalia\u00e7\u00e3o das a\u00e7\u00f5es.\u00a0\u201cAqui \u00e9 o palco da resolu\u00e7\u00e3o de problemas com a\u00e7\u00f5es. Estamos renovando a esperan\u00e7a\u201d.<\/p>\n","protected":false},"excerpt":{"rendered":"<p>No\u00a0Dia Nacional dos Povos Ind\u00edgenas (19 de abril), o\u00a0Governo da Para\u00edba, por meio da Secretaria\u00a0de Estado da Mulher e da Diversidade Humana (Semdh), entregou uma s\u00e9rie de a\u00e7\u00f5es na\u00a0Aldeia S\u00e3o Francisco\/Terreiro Sagrado, em\u00a0Ba\u00eda da Trai\u00e7\u00e3o (Litoral Norte), fortalecendo o compromisso com o\u00a0desenvolvimento sustent\u00e1vel, a valoriza\u00e7\u00e3o das culturas Potiguara e Tabajara e a efetiva\u00e7\u00e3o do Plano<\/p>\n","protected":false},"author":1,"featured_media":49499,"comment_status":"open","ping_status":"open","sticky":false,"template":"","format":"standard","meta":{"_eb_attr":"","footnotes":""},"categories":[7,3],"tags":[],"class_list":["post-49498","post","type-post","status-publish","format-standard","has-post-thumbnail","hentry","category-destaque","category-politica"],"_links":{"self":[{"href":"https:\/\/portalmidia.net\/index.php\/wp-json\/wp\/v2\/posts\/49498","targetHints":{"allow":["GET"]}}],"collection":[{"href":"https:\/\/portalmidia.net\/index.php\/wp-json\/wp\/v2\/posts"}],"about":[{"href":"https:\/\/portalmidia.net\/index.php\/wp-json\/wp\/v2\/types\/post"}],"author":[{"embeddable":true,"href":"https:\/\/portalmidia.net\/index.php\/wp-json\/wp\/v2\/users\/1"}],"replies":[{"embeddable":true,"href":"https:\/\/portalmidia.net\/index.php\/wp-json\/wp\/v2\/comments?post=49498"}],"version-history":[{"count":2,"href":"https:\/\/portalmidia.net\/index.php\/wp-json\/wp\/v2\/posts\/49498\/revisions"}],"predecessor-version":[{"id":49503,"href":"https:\/\/portalmidia.net\/index.php\/wp-json\/wp\/v2\/posts\/49498\/revisions\/49503"}],"wp:featuredmedia":[{"embeddable":true,"href":"https:\/\/portalmidia.net\/index.php\/wp-json\/wp\/v2\/media\/49499"}],"wp:attachment":[{"href":"https:\/\/portalmidia.net\/index.php\/wp-json\/wp\/v2\/media?parent=49498"}],"wp:term":[{"taxonomy":"category","embeddable":true,"href":"https:\/\/portalmidia.net\/index.php\/wp-json\/wp\/v2\/categories?post=49498"},{"taxonomy":"post_tag","embeddable":true,"href":"https:\/\/portalmidia.net\/index.php\/wp-json\/wp\/v2\/tags?post=49498"}],"curies":[{"name":"wp","href":"https:\/\/api.w.org\/{rel}","templated":true}]}}