 {"id":4978,"date":"2023-08-09T15:04:49","date_gmt":"2023-08-09T18:04:49","guid":{"rendered":"https:\/\/portalmidia.net\/?p=4978"},"modified":"2023-08-09T15:04:49","modified_gmt":"2023-08-09T18:04:49","slug":"o-3-batalhao-batalhao-de-bombeiro-militar-3bbm-informa-que-continua-nas-buscas-pela-crianca-ana-sophia","status":"publish","type":"post","link":"https:\/\/portalmidia.net\/index.php\/2023\/08\/09\/o-3-batalhao-batalhao-de-bombeiro-militar-3bbm-informa-que-continua-nas-buscas-pela-crianca-ana-sophia\/","title":{"rendered":"O 3\u00b0 Batalh\u00e3o Batalh\u00e3o de Bombeiro Militar (3\u00b0BBM) informa que continua nas buscas pela crian\u00e7a Ana Sophia,"},"content":{"rendered":"<p style=\"text-align: justify;\">Desaparecida desde o dia 4 de Julho de 2023 e vista pela \u00faltima vez no Distrito de Roma, munic\u00edpio de Bananeiras-PB.<\/p>\n<p style=\"text-align: justify;\">A partir deste momento o quartel do 3\u00b0BBM, situado em Guarabira-PB, servir\u00e1 como base, com as equipes agindo estrategicamente em \u00e1reas espec\u00edficas de buscas em conjunto com a investiga\u00e7\u00e3o da Pol\u00edcia Civil.<\/p>\n<p style=\"text-align: justify;\">Reiteramos nosso compromisso como for\u00e7a auxiliar da Pol\u00edcia Civil at\u00e9 a elucida\u00e7\u00e3o do caso.<\/p>\n<p style=\"text-align: justify;\">Major Fernando Ant\u00f4nio de Oliveira Lima &#8211; Comandante do 3\u00b0BBM<\/p>\n","protected":false},"excerpt":{"rendered":"<p>Desaparecida desde o dia 4 de Julho de 2023 e vista pela \u00faltima vez no Distrito de Roma, munic\u00edpio de Bananeiras-PB. A partir deste momento o quartel do 3\u00b0BBM, situado em Guarabira-PB, servir\u00e1 como base, com as equipes agindo estrategicamente em \u00e1reas espec\u00edficas de buscas em conjunto com a investiga\u00e7\u00e3o da Pol\u00edcia Civil. Reiteramos nosso<\/p>\n","protected":false},"author":1,"featured_media":4980,"comment_status":"open","ping_status":"open","sticky":false,"template":"","format":"standard","meta":{"_eb_attr":"","footnotes":""},"categories":[7,2],"tags":[],"class_list":["post-4978","post","type-post","status-publish","format-standard","has-post-thumbnail","hentry","category-destaque","category-policial"],"_links":{"self":[{"href":"https:\/\/portalmidia.net\/index.php\/wp-json\/wp\/v2\/posts\/4978","targetHints":{"allow":["GET"]}}],"collection":[{"href":"https:\/\/portalmidia.net\/index.php\/wp-json\/wp\/v2\/posts"}],"about":[{"href":"https:\/\/portalmidia.net\/index.php\/wp-json\/wp\/v2\/types\/post"}],"author":[{"embeddable":true,"href":"https:\/\/portalmidia.net\/index.php\/wp-json\/wp\/v2\/users\/1"}],"replies":[{"embeddable":true,"href":"https:\/\/portalmidia.net\/index.php\/wp-json\/wp\/v2\/comments?post=4978"}],"version-history":[{"count":0,"href":"https:\/\/portalmidia.net\/index.php\/wp-json\/wp\/v2\/posts\/4978\/revisions"}],"wp:featuredmedia":[{"embeddable":true,"href":"https:\/\/portalmidia.net\/index.php\/wp-json\/wp\/v2\/media\/4980"}],"wp:attachment":[{"href":"https:\/\/portalmidia.net\/index.php\/wp-json\/wp\/v2\/media?parent=4978"}],"wp:term":[{"taxonomy":"category","embeddable":true,"href":"https:\/\/portalmidia.net\/index.php\/wp-json\/wp\/v2\/categories?post=4978"},{"taxonomy":"post_tag","embeddable":true,"href":"https:\/\/portalmidia.net\/index.php\/wp-json\/wp\/v2\/tags?post=4978"}],"curies":[{"name":"wp","href":"https:\/\/api.w.org\/{rel}","templated":true}]}}