 {"id":50791,"date":"2025-05-05T08:17:07","date_gmt":"2025-05-05T11:17:07","guid":{"rendered":"https:\/\/portalmidia.net\/?p=50791"},"modified":"2025-05-05T08:17:07","modified_gmt":"2025-05-05T11:17:07","slug":"presidente-embarca-essa-semana-para-viagens-a-russia-e-a-china","status":"publish","type":"post","link":"https:\/\/portalmidia.net\/index.php\/2025\/05\/05\/presidente-embarca-essa-semana-para-viagens-a-russia-e-a-china\/","title":{"rendered":"Presidente embarca essa semana para viagens \u00e0 R\u00fassia e \u00e0 China"},"content":{"rendered":"<p>O presidente Luiz In\u00e1cio Lula da Silva retoma a agenda de viagens internacional essa semana. O primeiro compromisso ser\u00e1 em Moscou, na R\u00fassia. A\u00a0convite do presidente Vladimir Putin, Lula participar\u00e1 das celebra\u00e7\u00f5es dos 80 anos da vit\u00f3ria da Uni\u00e3o Sovi\u00e9tica sobre a Alemanha nazista na segunda guerra mundial.\u00a0\u00c9 o feriado mais importante da R\u00fassia, que ocorre no dia 9 de maio, com um grandioso desfile c\u00edvico-militar em Moscou.\u00a0Ambos os presidentes tamb\u00e9m manter\u00e3o reuni\u00e3o bilateral durante a visita, entre 8 e 10 de maio.<\/p>\n<p>Na sequ\u00eancia,\u00a0Lula segue para China, onde cumprir\u00e1 agendas nos dias 12 e 13 de maio.\u00a0A\u00a0visita de Lula ao pa\u00eds asi\u00e1tico ocorrer\u00e1 no contexto da C\u00fapula entre China e pa\u00edses da Comunidade de Estados Latino-Americanos e Caribenhos (Celac).<\/p>\n<p>O\u00a0encontro bilateral previsto entre Lula e Xi Jinping\u00a0ocorrer\u00e1 em meio ao acirramento da guerra comercial entre Estados Unidos e China, as duas maiores economias do planeta. A\u00a0imposi\u00e7\u00e3o de tarifas m\u00fatuas, desencadeada por iniciativa do presidente norte-americano Donald Trump,\u00a0vem causando sucessivas turbul\u00eancias nos mercados de a\u00e7\u00f5es e alimenta o temor de uma recess\u00e3o global.<\/p>\n<p>A viagem \u00e0\u00a0China ser\u00e1 a segunda visita oficial de Lula\u00a0neste terceiro mandato. A visita anterior ocorreu em abril de 2023, que foi retribu\u00edda por\u00a0Xi Jinping em visita de Estado em novembro do ano passado, ap\u00f3s a C\u00fapula do G20, sediada pelo Brasil. Al\u00e9m disso, eles haviam se encontrado outra vez em 2023 na C\u00fapula dos Brics, na \u00c1frica do Sul.<\/p>\n<p>&nbsp;<\/p>\n<p>&nbsp;<\/p>\n<p>Ag\u00eancia Brasil<\/p>\n","protected":false},"excerpt":{"rendered":"<p>O presidente Luiz In\u00e1cio Lula da Silva retoma a agenda de viagens internacional essa semana. O primeiro compromisso ser\u00e1 em Moscou, na R\u00fassia. A\u00a0convite do presidente Vladimir Putin, Lula participar\u00e1 das celebra\u00e7\u00f5es dos 80 anos da vit\u00f3ria da Uni\u00e3o Sovi\u00e9tica sobre a Alemanha nazista na segunda guerra mundial.\u00a0\u00c9 o feriado mais importante da R\u00fassia, que<\/p>\n","protected":false},"author":1,"featured_media":50792,"comment_status":"open","ping_status":"open","sticky":false,"template":"","format":"standard","meta":{"_eb_attr":"","footnotes":""},"categories":[3],"tags":[685,373,684,686,568],"class_list":["post-50791","post","type-post","status-publish","format-standard","has-post-thumbnail","hentry","category-politica","tag-china","tag-lula","tag-putin","tag-russia","tag-xi-jinping"],"_links":{"self":[{"href":"https:\/\/portalmidia.net\/index.php\/wp-json\/wp\/v2\/posts\/50791","targetHints":{"allow":["GET"]}}],"collection":[{"href":"https:\/\/portalmidia.net\/index.php\/wp-json\/wp\/v2\/posts"}],"about":[{"href":"https:\/\/portalmidia.net\/index.php\/wp-json\/wp\/v2\/types\/post"}],"author":[{"embeddable":true,"href":"https:\/\/portalmidia.net\/index.php\/wp-json\/wp\/v2\/users\/1"}],"replies":[{"embeddable":true,"href":"https:\/\/portalmidia.net\/index.php\/wp-json\/wp\/v2\/comments?post=50791"}],"version-history":[{"count":1,"href":"https:\/\/portalmidia.net\/index.php\/wp-json\/wp\/v2\/posts\/50791\/revisions"}],"predecessor-version":[{"id":50793,"href":"https:\/\/portalmidia.net\/index.php\/wp-json\/wp\/v2\/posts\/50791\/revisions\/50793"}],"wp:featuredmedia":[{"embeddable":true,"href":"https:\/\/portalmidia.net\/index.php\/wp-json\/wp\/v2\/media\/50792"}],"wp:attachment":[{"href":"https:\/\/portalmidia.net\/index.php\/wp-json\/wp\/v2\/media?parent=50791"}],"wp:term":[{"taxonomy":"category","embeddable":true,"href":"https:\/\/portalmidia.net\/index.php\/wp-json\/wp\/v2\/categories?post=50791"},{"taxonomy":"post_tag","embeddable":true,"href":"https:\/\/portalmidia.net\/index.php\/wp-json\/wp\/v2\/tags?post=50791"}],"curies":[{"name":"wp","href":"https:\/\/api.w.org\/{rel}","templated":true}]}}