 {"id":50812,"date":"2025-05-05T09:07:22","date_gmt":"2025-05-05T12:07:22","guid":{"rendered":"https:\/\/portalmidia.net\/?p=50812"},"modified":"2025-05-05T09:07:22","modified_gmt":"2025-05-05T12:07:22","slug":"araruna-pb-preso-homem-por-embriaguez-ao-volante-e-receptacao","status":"publish","type":"post","link":"https:\/\/portalmidia.net\/index.php\/2025\/05\/05\/araruna-pb-preso-homem-por-embriaguez-ao-volante-e-receptacao\/","title":{"rendered":"ARARUNA-PB: Preso homem por embriaguez ao volante e recepta\u00e7\u00e3o"},"content":{"rendered":"<p>Por volta das 21h desta sexta-feira, 2 de maio, a Pol\u00edcia Militar prendeu um homem por embriaguez ao volante e recepta\u00e7\u00e3o na cidade de Araruna. A ocorr\u00eancia foi registrada durante rondas realizadas pela Guarni\u00e7\u00e3o da For\u00e7a T\u00e1tica Bravo no centro da cidade.<\/p>\n<p>Os policiais visualizaram um indiv\u00edduo conduzindo uma motocicleta em atitude suspeita e apresentando sinais vis\u00edveis de embriaguez. Foi iniciado o acompanhamento e, em seguida, dada ordem de parada ao condutor, que foi abordado.<\/p>\n<p>Durante a abordagem, confirmou-se que o homem apresentava claros sinais de ingest\u00e3o de \u00e1lcool. Na verifica\u00e7\u00e3o dos dados do ve\u00edculo, uma Honda Pop 100 de cor azul, constatou-se que havia uma restri\u00e7\u00e3o por roubo\/furto.<\/p>\n<p>Diante dos fatos, o suspeito foi preso e conduzido, juntamente com a motocicleta, at\u00e9 a Delegacia de Pol\u00edcia Plantonista de Sol\u00e2nea. Na unidade, foi realizado o teste do etil\u00f4metro, que apontou 0,95 mg\/L, configurando o crime de embriaguez ao volante, conforme o C\u00f3digo de Tr\u00e2nsito Brasileiro<\/p>\n<p>&nbsp;<\/p>\n<p>Se\u00e7\u00e3o de Comunica\u00e7\u00e3o Social e Marketing Institucional da 7\u00aa CIPM<\/p>\n","protected":false},"excerpt":{"rendered":"<p>Por volta das 21h desta sexta-feira, 2 de maio, a Pol\u00edcia Militar prendeu um homem por embriaguez ao volante e recepta\u00e7\u00e3o na cidade de Araruna. A ocorr\u00eancia foi registrada durante rondas realizadas pela Guarni\u00e7\u00e3o da For\u00e7a T\u00e1tica Bravo no centro da cidade. Os policiais visualizaram um indiv\u00edduo conduzindo uma motocicleta em atitude suspeita e apresentando<\/p>\n","protected":false},"author":1,"featured_media":50813,"comment_status":"open","ping_status":"open","sticky":false,"template":"","format":"standard","meta":{"_eb_attr":"","footnotes":""},"categories":[2],"tags":[],"class_list":["post-50812","post","type-post","status-publish","format-standard","has-post-thumbnail","hentry","category-policial"],"_links":{"self":[{"href":"https:\/\/portalmidia.net\/index.php\/wp-json\/wp\/v2\/posts\/50812","targetHints":{"allow":["GET"]}}],"collection":[{"href":"https:\/\/portalmidia.net\/index.php\/wp-json\/wp\/v2\/posts"}],"about":[{"href":"https:\/\/portalmidia.net\/index.php\/wp-json\/wp\/v2\/types\/post"}],"author":[{"embeddable":true,"href":"https:\/\/portalmidia.net\/index.php\/wp-json\/wp\/v2\/users\/1"}],"replies":[{"embeddable":true,"href":"https:\/\/portalmidia.net\/index.php\/wp-json\/wp\/v2\/comments?post=50812"}],"version-history":[{"count":1,"href":"https:\/\/portalmidia.net\/index.php\/wp-json\/wp\/v2\/posts\/50812\/revisions"}],"predecessor-version":[{"id":50814,"href":"https:\/\/portalmidia.net\/index.php\/wp-json\/wp\/v2\/posts\/50812\/revisions\/50814"}],"wp:featuredmedia":[{"embeddable":true,"href":"https:\/\/portalmidia.net\/index.php\/wp-json\/wp\/v2\/media\/50813"}],"wp:attachment":[{"href":"https:\/\/portalmidia.net\/index.php\/wp-json\/wp\/v2\/media?parent=50812"}],"wp:term":[{"taxonomy":"category","embeddable":true,"href":"https:\/\/portalmidia.net\/index.php\/wp-json\/wp\/v2\/categories?post=50812"},{"taxonomy":"post_tag","embeddable":true,"href":"https:\/\/portalmidia.net\/index.php\/wp-json\/wp\/v2\/tags?post=50812"}],"curies":[{"name":"wp","href":"https:\/\/api.w.org\/{rel}","templated":true}]}}