 {"id":5092,"date":"2023-08-10T11:01:49","date_gmt":"2023-08-10T14:01:49","guid":{"rendered":"https:\/\/portalmidia.net\/?p=5092"},"modified":"2023-08-10T11:01:49","modified_gmt":"2023-08-10T14:01:49","slug":"famup-destaca-cartilha-sobre-piso-de-enfermagem-divulgada-por-governo-federal","status":"publish","type":"post","link":"https:\/\/portalmidia.net\/index.php\/2023\/08\/10\/famup-destaca-cartilha-sobre-piso-de-enfermagem-divulgada-por-governo-federal\/","title":{"rendered":"Famup destaca cartilha sobre piso de enfermagem divulgada por Governo Federal"},"content":{"rendered":"<p style=\"text-align: justify;\">A Federa\u00e7\u00e3o das Associa\u00e7\u00f5es de Munic\u00edpios da Para\u00edba (Famup) destaca aos prefeitos e prefeitas paraibanas a vers\u00e3o preliminar da cartilha divulgada nesta quarta-feira (9) pelo Minist\u00e9rio da Sa\u00fade com orienta\u00e7\u00f5es sobre o piso salarial dos profissionais de enfermagem.\u00a0 A cartilha foi apresentada em reuni\u00e3o da pasta com a Secretaria de Rela\u00e7\u00f5es Institucionais, governos estaduais e representa\u00e7\u00f5es municipais.<br aria-hidden=\"true\" \/><br aria-hidden=\"true\" \/>A cartilha apresentada pelo Governo Federal detalha como acontecer\u00e1 o \u00a0repasse, al\u00e9m de esclarecer pontos de como funcionar\u00e1 o pagamento do piso em 24 perguntas e respostas. Entre os pontos tratados no documento, est\u00e3o os tipos de estabelecimento de sa\u00fade que t\u00eam direito a receber o aux\u00edlio federal para o piso e como ocorrer\u00e1 o controle e presta\u00e7\u00e3o de contas.<br aria-hidden=\"true\" \/><br aria-hidden=\"true\" \/>A Famup tem atuado para que a Uni\u00e3o encaminhe recursos e os munic\u00edpios consigam cumprir a legisla\u00e7\u00e3o. Recentemente, a Federa\u00e7\u00e3o elaborou uma nota t\u00e9cnica de orienta\u00e7\u00e3o aos prefeitos e prefeitas de como agir para garantia do pagamento do piso da enfermagem. Al\u00e9m de apontar as dificuldades dos gestores, a entidade tamb\u00e9m tem buscado apoio da bancada federal paraibana para o avan\u00e7o da pauta.<br aria-hidden=\"true\" \/><br aria-hidden=\"true\" \/>\u00a0\u201cEsse com certeza \u00e9 um grande avan\u00e7o nessa luta. Finalmente temos um direcionamento e um ponto de partida para que os prefeitos e prefeitas possam pagar o valor e ter o suporte do Governo Federal\u201d, ressaltou George.<\/p>\n","protected":false},"excerpt":{"rendered":"<p>A Federa\u00e7\u00e3o das Associa\u00e7\u00f5es de Munic\u00edpios da Para\u00edba (Famup) destaca aos prefeitos e prefeitas paraibanas a vers\u00e3o preliminar da cartilha divulgada nesta quarta-feira (9) pelo Minist\u00e9rio da Sa\u00fade com orienta\u00e7\u00f5es sobre o piso salarial dos profissionais de enfermagem.\u00a0 A cartilha foi apresentada em reuni\u00e3o da pasta com a Secretaria de Rela\u00e7\u00f5es Institucionais, governos estaduais e<\/p>\n","protected":false},"author":1,"featured_media":5094,"comment_status":"open","ping_status":"open","sticky":false,"template":"","format":"standard","meta":{"_eb_attr":"","footnotes":""},"categories":[7,5],"tags":[],"class_list":["post-5092","post","type-post","status-publish","format-standard","has-post-thumbnail","hentry","category-destaque","category-saude"],"_links":{"self":[{"href":"https:\/\/portalmidia.net\/index.php\/wp-json\/wp\/v2\/posts\/5092","targetHints":{"allow":["GET"]}}],"collection":[{"href":"https:\/\/portalmidia.net\/index.php\/wp-json\/wp\/v2\/posts"}],"about":[{"href":"https:\/\/portalmidia.net\/index.php\/wp-json\/wp\/v2\/types\/post"}],"author":[{"embeddable":true,"href":"https:\/\/portalmidia.net\/index.php\/wp-json\/wp\/v2\/users\/1"}],"replies":[{"embeddable":true,"href":"https:\/\/portalmidia.net\/index.php\/wp-json\/wp\/v2\/comments?post=5092"}],"version-history":[{"count":0,"href":"https:\/\/portalmidia.net\/index.php\/wp-json\/wp\/v2\/posts\/5092\/revisions"}],"wp:featuredmedia":[{"embeddable":true,"href":"https:\/\/portalmidia.net\/index.php\/wp-json\/wp\/v2\/media\/5094"}],"wp:attachment":[{"href":"https:\/\/portalmidia.net\/index.php\/wp-json\/wp\/v2\/media?parent=5092"}],"wp:term":[{"taxonomy":"category","embeddable":true,"href":"https:\/\/portalmidia.net\/index.php\/wp-json\/wp\/v2\/categories?post=5092"},{"taxonomy":"post_tag","embeddable":true,"href":"https:\/\/portalmidia.net\/index.php\/wp-json\/wp\/v2\/tags?post=5092"}],"curies":[{"name":"wp","href":"https:\/\/api.w.org\/{rel}","templated":true}]}}