 {"id":5096,"date":"2023-08-10T11:03:36","date_gmt":"2023-08-10T14:03:36","guid":{"rendered":"https:\/\/portalmidia.net\/?p=5096"},"modified":"2023-08-10T11:03:36","modified_gmt":"2023-08-10T14:03:36","slug":"governo-da-paraiba-inicia-mais-uma-etapa-de-entrega-de-notebooks-para-professores-da-rede-estadual","status":"publish","type":"post","link":"https:\/\/portalmidia.net\/index.php\/2023\/08\/10\/governo-da-paraiba-inicia-mais-uma-etapa-de-entrega-de-notebooks-para-professores-da-rede-estadual\/","title":{"rendered":"Governo da Para\u00edba inicia mais uma etapa de entrega de notebooks para professores da rede estadual"},"content":{"rendered":"<p style=\"text-align: justify;\">O Governo da Para\u00edba, por meio da Secretaria de Estado de Educa\u00e7\u00e3o (SEE), deu in\u00edcio, nessa ter\u00e7a-feira (8), \u00e0 entrega de notebooks para os professores inscritos e contemplados na segunda chamada do Programa Paulo Freire &#8211; Conectando Saberes. A entrega, que come\u00e7ou na 1\u00aa Ger\u00eancia Regional de Ensino (GRE), contemplou aproximadamente 1.500 docentes da regi\u00e3o. Os equipamentos est\u00e3o sendo distribu\u00eddos na sede da 1\u00aa GRE, localizada no bairro de Mangabeira, na Capital, para apoiar na amplia\u00e7\u00e3o e aperfei\u00e7oamento de suas pr\u00e1ticas pedag\u00f3gicas, um investimento direto no ensino e reconhecimento da categoria.<\/p>\n<p style=\"text-align: justify;\">O Programa Paulo Freire &#8211; Conectando Saberes \u00e9 uma iniciativa do Governo do Estado da Para\u00edba, por meio da SEE-PB, destinado a estimular a inclus\u00e3o digital dos educadores da Rede Estadual de Ensino no efetivo exerc\u00edcio de suas fun\u00e7\u00f5es em unidades escolares, por meio da concess\u00e3o de recursos para subsidiar os professores na aquisi\u00e7\u00e3o de computadores port\u00e1teis para uso educacional.<\/p>\n<p style=\"text-align: justify;\">A professora de biologia da ECIT Pastor Jo\u00e3o Pereira Gomes Filho, Erika Santana, recebeu o notebook nessa ter\u00e7a-feira e descreve que foi uma sensa\u00e7\u00e3o \u00f3tima. \u201cFoi realmente muito importante porque o meu estava bem velhinho e eu queria trabalhar atividades mais elaboradas em sala de aula e acabava n\u00e3o conseguindo. Ent\u00e3o, diria que o equipamento veio na melhor hora e com certeza vou fazer um \u00f3timo uso dele junto aos estudantes\u201d, conta.<\/p>\n<p style=\"text-align: justify;\">O cronograma de entrega dos notebooks est\u00e1 sendo enviado ao grupo de gestores e divulgado diariamente no perfil da 1\u00aa GRE no Instagram (@primeiragrepb). Nesta quarta-feira (9), recebem os professores da ECI Almirante Saldanha, EEEF Borges da Fonseca, EEEFM Graciliano Ramos, ECIT Jo\u00e3o Roberto Borges, EEEFM Professor Jos\u00e9 Baptista de Mello, EEEM C\u00f4nego Luiz Gonzaga de Oliveira, EEEFM Maria Bronzeado, EEEFM Maria de F\u00e1tima Souto, EEEFM Maria Jacy Costa, ECIT Severino Dias de Oliveira (Mestre Sivuca) e ECI Pedro Lins Vieira de Melo. A entrega aconteceu das 8h \u00e0s 16h.<\/p>\n<p style=\"text-align: justify;\">Para efetuar a retirada do equipamento, \u00e9 indispens\u00e1vel que o professor apresente seu contracheque referente ao m\u00eas de julho de 2023 e um documento original com foto. A gerente regional da 1\u00aa GRE, Wleica Quirino, ressaltou a import\u00e2ncia da a\u00e7\u00e3o: &#8220;A entrega desses notebooks reflete o reconhecimento dos nossos professores e o compromisso cont\u00ednuo de proporcionar melhores condi\u00e7\u00f5es de trabalho&#8221;.<\/p>\n<p style=\"text-align: justify;\">Al\u00e9m de Jo\u00e3o Pessoa, a 1\u00aa GRE abrange os munic\u00edpios de Alhandra, Bayeux, Caapor\u00e3, Cabedelo, Conde, Cruz do Esp\u00edrito Santo, Lucena, Mari, Pitimbu, Riach\u00e3o do Po\u00e7o, Santa Rita, Sap\u00e9 e Sobrado, ampliando ainda mais o alcance e impacto desta iniciativa na regi\u00e3o.<br aria-hidden=\"true\" \/>Programa Paulo Freire &#8211; Em seu primeiro edital, no ano de 2021, foram 9.518 professores que aderiram ao programa, somando R$ 48 milh\u00f5es investidos s\u00f3 no primeiro ano. Em 2022, o Governo da Para\u00edba lan\u00e7ou um novo edital para contemplar professores que n\u00e3o realizaram os procedimentos necess\u00e1rios para participa\u00e7\u00e3o na edi\u00e7\u00e3o 2021. Nesta segunda fase, foram investidos cerca de R$ 23 milh\u00f5es.<\/p>\n","protected":false},"excerpt":{"rendered":"<p>O Governo da Para\u00edba, por meio da Secretaria de Estado de Educa\u00e7\u00e3o (SEE), deu in\u00edcio, nessa ter\u00e7a-feira (8), \u00e0 entrega de notebooks para os professores inscritos e contemplados na segunda chamada do Programa Paulo Freire &#8211; Conectando Saberes. A entrega, que come\u00e7ou na 1\u00aa Ger\u00eancia Regional de Ensino (GRE), contemplou aproximadamente 1.500 docentes da regi\u00e3o.<\/p>\n","protected":false},"author":1,"featured_media":5098,"comment_status":"open","ping_status":"open","sticky":false,"template":"","format":"standard","meta":{"_eb_attr":"","footnotes":""},"categories":[8,3],"tags":[],"class_list":["post-5096","post","type-post","status-publish","format-standard","has-post-thumbnail","hentry","category-economia","category-politica"],"_links":{"self":[{"href":"https:\/\/portalmidia.net\/index.php\/wp-json\/wp\/v2\/posts\/5096","targetHints":{"allow":["GET"]}}],"collection":[{"href":"https:\/\/portalmidia.net\/index.php\/wp-json\/wp\/v2\/posts"}],"about":[{"href":"https:\/\/portalmidia.net\/index.php\/wp-json\/wp\/v2\/types\/post"}],"author":[{"embeddable":true,"href":"https:\/\/portalmidia.net\/index.php\/wp-json\/wp\/v2\/users\/1"}],"replies":[{"embeddable":true,"href":"https:\/\/portalmidia.net\/index.php\/wp-json\/wp\/v2\/comments?post=5096"}],"version-history":[{"count":0,"href":"https:\/\/portalmidia.net\/index.php\/wp-json\/wp\/v2\/posts\/5096\/revisions"}],"wp:featuredmedia":[{"embeddable":true,"href":"https:\/\/portalmidia.net\/index.php\/wp-json\/wp\/v2\/media\/5098"}],"wp:attachment":[{"href":"https:\/\/portalmidia.net\/index.php\/wp-json\/wp\/v2\/media?parent=5096"}],"wp:term":[{"taxonomy":"category","embeddable":true,"href":"https:\/\/portalmidia.net\/index.php\/wp-json\/wp\/v2\/categories?post=5096"},{"taxonomy":"post_tag","embeddable":true,"href":"https:\/\/portalmidia.net\/index.php\/wp-json\/wp\/v2\/tags?post=5096"}],"curies":[{"name":"wp","href":"https:\/\/api.w.org\/{rel}","templated":true}]}}