 {"id":51426,"date":"2025-05-16T20:39:31","date_gmt":"2025-05-16T23:39:31","guid":{"rendered":"https:\/\/portalmidia.net\/?p=51426"},"modified":"2025-05-16T20:39:31","modified_gmt":"2025-05-16T23:39:31","slug":"fim-do-prazo-se-aproxima-especialistas-alertam-para-riscos-de-deixar-o-imposto-de-renda-para-ultima-hora","status":"publish","type":"post","link":"https:\/\/portalmidia.net\/index.php\/2025\/05\/16\/fim-do-prazo-se-aproxima-especialistas-alertam-para-riscos-de-deixar-o-imposto-de-renda-para-ultima-hora\/","title":{"rendered":"Fim do prazo se aproxima: especialistas alertam para riscos de deixar o Imposto de Renda para \u00faltima hora"},"content":{"rendered":"<p>Com o prazo para entrega do Imposto de Renda da Pessoa F\u00edsica (IRPF) chegando ao fim, especialistas fazem um alerta importante: deixar para declarar na \u00faltima hora pode resultar em erros, inconsist\u00eancias e at\u00e9 preju\u00edzos financeiros. A Receita Federal informou que, at\u00e9 as 14h do dia 6 de maio de 2025, j\u00e1 foram enviadas 20.088.882 declara\u00e7\u00f5es em todo o Brasil. Na Para\u00edba, a estimativa \u00e9 de que mais de 495 mil declara\u00e7\u00f5es sejam entregues neste ano, segundo a Unidade Federativa. O prazo termina em 30 de maio.<\/p>\n<p>Em 2024, o pa\u00eds teve um aumento expressivo no volume total de declara\u00e7\u00f5es: mais de 45 milh\u00f5es foram entregues, o que representou um crescimento de 109% em rela\u00e7\u00e3o ao ano anterior. As mulheres corresponderam a 43,8% dos declarantes, evidenciando uma participa\u00e7\u00e3o crescente na gest\u00e3o financeira familiar e pessoal.<\/p>\n<p>Para a contadora e s\u00f3cia-fundadora da Sercon, Terezinha Carvalho, o cen\u00e1rio reflete um avan\u00e7o na cultura tribut\u00e1ria, mas ainda exige aten\u00e7\u00e3o. \u201cEsse aumento expressivo \u00e9 resultado de um maior acesso \u00e0 informa\u00e7\u00e3o e ao avan\u00e7o das plataformas digitais, que tornam a declara\u00e7\u00e3o mais pr\u00e1tica. No entanto, o risco de preenchimentos incorretos tamb\u00e9m cresce, gerando questionamentos e poss\u00edveis multas, ainda mais se feitos em cima da hora\u201d, alerta.<\/p>\n<p>Wagner Arnaud, s\u00f3cio-propriet\u00e1rio da Pontual Assessoria e da PontualMed, chama a aten\u00e7\u00e3o para a complexidade de alguns casos. \u201cOs profissionais aut\u00f4nomos e investidores, por exemplo, precisam ter um planejamento tribut\u00e1rio adequado para evitar problemas com o Fisco e at\u00e9 aproveitar benef\u00edcios que passam despercebidos\u201d, explica.<\/p>\n<p>J\u00e1 Anderson Caldas, s\u00f3cio-fundador da Contizy, refor\u00e7a a import\u00e2ncia de n\u00e3o deixar a entrega para os \u00faltimos dias. \u201cO contribuinte precisa acompanhar de perto as atualiza\u00e7\u00f5es tribut\u00e1rias e buscar orienta\u00e7\u00e3o especializada para evitar inconsist\u00eancias e aproveitar melhor os benef\u00edcios fiscais. Uma declara\u00e7\u00e3o bem elaborada faz toda a diferen\u00e7a\u201d, enfatiza.<\/p>\n<p>Os especialistas concordam que preencher a declara\u00e7\u00e3o com calma e anteced\u00eancia, buscar informa\u00e7\u00f5es corretas e contar com suporte t\u00e9cnico s\u00e3o passos essenciais para evitar erros e preju\u00edzos. Com o prazo se encerrando no final de maio, a recomenda\u00e7\u00e3o \u00e9 n\u00e3o esperar at\u00e9 o \u00faltimo momento.<\/p>\n","protected":false},"excerpt":{"rendered":"<p>Com o prazo para entrega do Imposto de Renda da Pessoa F\u00edsica (IRPF) chegando ao fim, especialistas fazem um alerta importante: deixar para declarar na \u00faltima hora pode resultar em erros, inconsist\u00eancias e at\u00e9 preju\u00edzos financeiros. A Receita Federal informou que, at\u00e9 as 14h do dia 6 de maio de 2025, j\u00e1 foram enviadas 20.088.882<\/p>\n","protected":false},"author":1,"featured_media":51427,"comment_status":"open","ping_status":"open","sticky":false,"template":"","format":"standard","meta":{"_eb_attr":"","footnotes":""},"categories":[8],"tags":[],"class_list":["post-51426","post","type-post","status-publish","format-standard","has-post-thumbnail","hentry","category-economia"],"_links":{"self":[{"href":"https:\/\/portalmidia.net\/index.php\/wp-json\/wp\/v2\/posts\/51426","targetHints":{"allow":["GET"]}}],"collection":[{"href":"https:\/\/portalmidia.net\/index.php\/wp-json\/wp\/v2\/posts"}],"about":[{"href":"https:\/\/portalmidia.net\/index.php\/wp-json\/wp\/v2\/types\/post"}],"author":[{"embeddable":true,"href":"https:\/\/portalmidia.net\/index.php\/wp-json\/wp\/v2\/users\/1"}],"replies":[{"embeddable":true,"href":"https:\/\/portalmidia.net\/index.php\/wp-json\/wp\/v2\/comments?post=51426"}],"version-history":[{"count":1,"href":"https:\/\/portalmidia.net\/index.php\/wp-json\/wp\/v2\/posts\/51426\/revisions"}],"predecessor-version":[{"id":51428,"href":"https:\/\/portalmidia.net\/index.php\/wp-json\/wp\/v2\/posts\/51426\/revisions\/51428"}],"wp:featuredmedia":[{"embeddable":true,"href":"https:\/\/portalmidia.net\/index.php\/wp-json\/wp\/v2\/media\/51427"}],"wp:attachment":[{"href":"https:\/\/portalmidia.net\/index.php\/wp-json\/wp\/v2\/media?parent=51426"}],"wp:term":[{"taxonomy":"category","embeddable":true,"href":"https:\/\/portalmidia.net\/index.php\/wp-json\/wp\/v2\/categories?post=51426"},{"taxonomy":"post_tag","embeddable":true,"href":"https:\/\/portalmidia.net\/index.php\/wp-json\/wp\/v2\/tags?post=51426"}],"curies":[{"name":"wp","href":"https:\/\/api.w.org\/{rel}","templated":true}]}}