 {"id":52562,"date":"2025-06-13T15:02:11","date_gmt":"2025-06-13T18:02:11","guid":{"rendered":"https:\/\/portalmidia.net\/?p=52562"},"modified":"2025-06-13T15:02:11","modified_gmt":"2025-06-13T18:02:11","slug":"expediente-reparticoes-publicas-estaduais-tem-ponto-facultativo-nos-dias-19-20-23-e-24-de-junho","status":"publish","type":"post","link":"https:\/\/portalmidia.net\/index.php\/2025\/06\/13\/expediente-reparticoes-publicas-estaduais-tem-ponto-facultativo-nos-dias-19-20-23-e-24-de-junho\/","title":{"rendered":"Expediente: reparti\u00e7\u00f5es p\u00fablicas estaduais t\u00eam ponto facultativo nos dias 19, 20, 23 e 24 de junho"},"content":{"rendered":"<p>As reparti\u00e7\u00f5es p\u00fablicas estaduais da Administra\u00e7\u00e3o Direta e Indireta do Poder Executivo ter\u00e3o ponto facultativo no dia da celebra\u00e7\u00e3o religiosa de Corpus Christi, comemorado na quinta-feira, dia 19 de junho, e no dia posterior, na sexta-feira (20) \u2013 esta em antecipa\u00e7\u00e3o ao Dia do Servidor P\u00fablico, comemorado em 28 de outubro de 2025.<\/p>\n<p>Al\u00e9m disso, tamb\u00e9m ser\u00e3o facultados os expedientes nos dias 23 e 24 de junho (segunda e ter\u00e7a-feira, respectivamente), v\u00e9spera e dia de S\u00e3o Jo\u00e3o.<\/p>\n<p>A portaria, assinada pelo secret\u00e1rio de Administra\u00e7\u00e3o, Tib\u00e9rio Limeira, ser\u00e1 publicada no Di\u00e1rio Oficial do Estado deste s\u00e1bado. Pela publica\u00e7\u00e3o, deve ser preservado o funcionamento dos servi\u00e7os essenciais.<\/p>\n<p>I \u2013 Dia 19\/06\/2025 (quinta-feira) \u2013 Corpus Christi;<br \/>\nII \u2013 Dia 20\/06\/2025 (sexta-feira) \u2013 Em antecipa\u00e7\u00e3o ao Dia do Servidor P\u00fablico, que se comemoraria em 28 de outubro;<br \/>\nIII \u2013 Dias 23 e 24\/06\/2025 (segunda e ter\u00e7a-feira) \u2013 V\u00e9spera e Dia de S\u00e3o Jo\u00e3o<\/p>\n","protected":false},"excerpt":{"rendered":"<p>As reparti\u00e7\u00f5es p\u00fablicas estaduais da Administra\u00e7\u00e3o Direta e Indireta do Poder Executivo ter\u00e3o ponto facultativo no dia da celebra\u00e7\u00e3o religiosa de Corpus Christi, comemorado na quinta-feira, dia 19 de junho, e no dia posterior, na sexta-feira (20) \u2013 esta em antecipa\u00e7\u00e3o ao Dia do Servidor P\u00fablico, comemorado em 28 de outubro de 2025. Al\u00e9m disso,<\/p>\n","protected":false},"author":5,"featured_media":52563,"comment_status":"open","ping_status":"open","sticky":false,"template":"","format":"standard","meta":{"_eb_attr":"","footnotes":""},"categories":[7,6],"tags":[],"class_list":["post-52562","post","type-post","status-publish","format-standard","has-post-thumbnail","hentry","category-destaque","category-sexualidade-e-comportamento"],"_links":{"self":[{"href":"https:\/\/portalmidia.net\/index.php\/wp-json\/wp\/v2\/posts\/52562","targetHints":{"allow":["GET"]}}],"collection":[{"href":"https:\/\/portalmidia.net\/index.php\/wp-json\/wp\/v2\/posts"}],"about":[{"href":"https:\/\/portalmidia.net\/index.php\/wp-json\/wp\/v2\/types\/post"}],"author":[{"embeddable":true,"href":"https:\/\/portalmidia.net\/index.php\/wp-json\/wp\/v2\/users\/5"}],"replies":[{"embeddable":true,"href":"https:\/\/portalmidia.net\/index.php\/wp-json\/wp\/v2\/comments?post=52562"}],"version-history":[{"count":1,"href":"https:\/\/portalmidia.net\/index.php\/wp-json\/wp\/v2\/posts\/52562\/revisions"}],"predecessor-version":[{"id":52564,"href":"https:\/\/portalmidia.net\/index.php\/wp-json\/wp\/v2\/posts\/52562\/revisions\/52564"}],"wp:featuredmedia":[{"embeddable":true,"href":"https:\/\/portalmidia.net\/index.php\/wp-json\/wp\/v2\/media\/52563"}],"wp:attachment":[{"href":"https:\/\/portalmidia.net\/index.php\/wp-json\/wp\/v2\/media?parent=52562"}],"wp:term":[{"taxonomy":"category","embeddable":true,"href":"https:\/\/portalmidia.net\/index.php\/wp-json\/wp\/v2\/categories?post=52562"},{"taxonomy":"post_tag","embeddable":true,"href":"https:\/\/portalmidia.net\/index.php\/wp-json\/wp\/v2\/tags?post=52562"}],"curies":[{"name":"wp","href":"https:\/\/api.w.org\/{rel}","templated":true}]}}