 {"id":52964,"date":"2025-06-23T08:21:10","date_gmt":"2025-06-23T11:21:10","guid":{"rendered":"https:\/\/portalmidia.net\/?p=52964"},"modified":"2025-06-23T08:21:10","modified_gmt":"2025-06-23T11:21:10","slug":"sao-joao-com-chuva-em-varias-cidades-da-paraiba-saiba-quais","status":"publish","type":"post","link":"https:\/\/portalmidia.net\/index.php\/2025\/06\/23\/sao-joao-com-chuva-em-varias-cidades-da-paraiba-saiba-quais\/","title":{"rendered":"S\u00e3o Jo\u00e3o com chuva em v\u00e1rias cidades da Para\u00edba: saiba quais"},"content":{"rendered":"<p>A v\u00e9spera e parte do dia de S\u00e3o Jo\u00e3o podem ter chuvas em diversos munic\u00edpios da Para\u00edba. \u00c9 que o\u00a0Instituto Nacional de Meteorologia (Inmet)\u00a0emitiu um aviso de\u00a0perigo potencial para acumulado de chuvas em diversas do estado.<\/p>\n<p>O alerta entrou em vigor \u00e0s 09h30 do s\u00e1bado (21), com previs\u00e3o de chuvas intensas com volume entre 20 a 30 mm\/h ou at\u00e9 50 mm\/dia, estendendo-se at\u00e9 as 10h da ter\u00e7a-feira (24), dia de S\u00e3o Jo\u00e3o.<\/p>\n<p><strong> Lista de munic\u00edpios com alerta de chuvas<\/strong><\/p>\n<p>Alhandra<br \/>\nAra\u00e7agi<br \/>\nBa\u00eda da Trai\u00e7\u00e3o<br \/>\nBayeux<br \/>\nCaapor\u00e3<br \/>\nCabedelo<br \/>\nCai\u00e7ara<br \/>\nCaldas Brand\u00e3o<br \/>\nCapim<br \/>\nConde<br \/>\nCruz do Esp\u00edrito Santo<br \/>\nCuit\u00e9 de Mamanguape<br \/>\nCurral de Cima<br \/>\nDuas Estradas<br \/>\nItabaiana<br \/>\nItapororoca<br \/>\nJacara\u00fa<br \/>\nJo\u00e3o Pessoa<br \/>\nJuripiranga<br \/>\nLagoa de Dentro<br \/>\nLucena<br \/>\nMamanguape<br \/>\nMarca\u00e7\u00e3o<br \/>\nMari<br \/>\nMataraca<br \/>\nMulungu<br \/>\nPedras de Fogo<br \/>\nPedro R\u00e9gis<br \/>\nPilar<br \/>\nPitimbu<br \/>\nRiach\u00e3o do Po\u00e7o<br \/>\nRio Tinto<br \/>\nSanta Rita<br \/>\nS\u00e3o Jos\u00e9 dos Ramos<br \/>\nS\u00e3o Miguel de Taipu<br \/>\nSap\u00e9<br \/>\nSobrado<\/p>\n","protected":false},"excerpt":{"rendered":"<p>A v\u00e9spera e parte do dia de S\u00e3o Jo\u00e3o podem ter chuvas em diversos munic\u00edpios da Para\u00edba. \u00c9 que o\u00a0Instituto Nacional de Meteorologia (Inmet)\u00a0emitiu um aviso de\u00a0perigo potencial para acumulado de chuvas em diversas do estado. O alerta entrou em vigor \u00e0s 09h30 do s\u00e1bado (21), com previs\u00e3o de chuvas intensas com volume entre 20<\/p>\n","protected":false},"author":5,"featured_media":22750,"comment_status":"open","ping_status":"open","sticky":false,"template":"","format":"standard","meta":{"_eb_attr":"","footnotes":""},"categories":[7,6],"tags":[],"class_list":["post-52964","post","type-post","status-publish","format-standard","has-post-thumbnail","hentry","category-destaque","category-sexualidade-e-comportamento"],"_links":{"self":[{"href":"https:\/\/portalmidia.net\/index.php\/wp-json\/wp\/v2\/posts\/52964","targetHints":{"allow":["GET"]}}],"collection":[{"href":"https:\/\/portalmidia.net\/index.php\/wp-json\/wp\/v2\/posts"}],"about":[{"href":"https:\/\/portalmidia.net\/index.php\/wp-json\/wp\/v2\/types\/post"}],"author":[{"embeddable":true,"href":"https:\/\/portalmidia.net\/index.php\/wp-json\/wp\/v2\/users\/5"}],"replies":[{"embeddable":true,"href":"https:\/\/portalmidia.net\/index.php\/wp-json\/wp\/v2\/comments?post=52964"}],"version-history":[{"count":1,"href":"https:\/\/portalmidia.net\/index.php\/wp-json\/wp\/v2\/posts\/52964\/revisions"}],"predecessor-version":[{"id":52965,"href":"https:\/\/portalmidia.net\/index.php\/wp-json\/wp\/v2\/posts\/52964\/revisions\/52965"}],"wp:featuredmedia":[{"embeddable":true,"href":"https:\/\/portalmidia.net\/index.php\/wp-json\/wp\/v2\/media\/22750"}],"wp:attachment":[{"href":"https:\/\/portalmidia.net\/index.php\/wp-json\/wp\/v2\/media?parent=52964"}],"wp:term":[{"taxonomy":"category","embeddable":true,"href":"https:\/\/portalmidia.net\/index.php\/wp-json\/wp\/v2\/categories?post=52964"},{"taxonomy":"post_tag","embeddable":true,"href":"https:\/\/portalmidia.net\/index.php\/wp-json\/wp\/v2\/tags?post=52964"}],"curies":[{"name":"wp","href":"https:\/\/api.w.org\/{rel}","templated":true}]}}