 {"id":52966,"date":"2025-06-23T08:35:20","date_gmt":"2025-06-23T11:35:20","guid":{"rendered":"https:\/\/portalmidia.net\/?p=52966"},"modified":"2025-06-24T06:22:55","modified_gmt":"2025-06-24T09:22:55","slug":"veiculo-cai-dentro-e-acude-proximo-a-leaulandia-em-mulungu-pb","status":"publish","type":"post","link":"https:\/\/portalmidia.net\/index.php\/2025\/06\/23\/veiculo-cai-dentro-e-acude-proximo-a-leaulandia-em-mulungu-pb\/","title":{"rendered":"Ve\u00edculo cai dentro de a\u00e7ude pr\u00f3ximo a Leaulandia em Mulung\u00fa-PB"},"content":{"rendered":"<p>Um ve\u00edculo caiu dentro de um a\u00e7ude as margens da rodovia PB-073 no trecho de Leaulandia, Mulung\u00fa.<\/p>\n<p>O acidente aconteceu na manh\u00e3 desta segunda-feira (23), v\u00e9spera de S\u00e3o Jo\u00e3o. As causas do acidente ainda n\u00e3o s\u00e3o conhecidas. Mas informa\u00e7\u00f5es chegadas \u00e0 nossa reado\u00e7\u00e3o s\u00e3o conta de que o condutor do ve\u00edculo pode ter perdido o controle e sa\u00eddo da pista.<\/p>\n<p>&nbsp;<\/p>\n<p>&nbsp;<\/p>\n<p>Clique no link e veja as primeiras imagens<\/p>\n<p><a href=\"https:\/\/www.instagram.com\/reel\/DLPd4YisklM\/?igsh=cTh2NzB2bzNqYjJm\">https:\/\/www.instagram.com\/reel\/DLPd4YisklM\/?igsh=cTh2NzB2bzNqYjJm<\/a><\/p>\n","protected":false},"excerpt":{"rendered":"<p>Um ve\u00edculo caiu dentro de um a\u00e7ude as margens da rodovia PB-073 no trecho de Leaulandia, Mulung\u00fa. O acidente aconteceu na manh\u00e3 desta segunda-feira (23), v\u00e9spera de S\u00e3o Jo\u00e3o. As causas do acidente ainda n\u00e3o s\u00e3o conhecidas. Mas informa\u00e7\u00f5es chegadas \u00e0 nossa reado\u00e7\u00e3o s\u00e3o conta de que o condutor do ve\u00edculo pode ter perdido o<\/p>\n","protected":false},"author":5,"featured_media":52968,"comment_status":"open","ping_status":"open","sticky":false,"template":"","format":"standard","meta":{"_eb_attr":"","footnotes":""},"categories":[7,6],"tags":[],"class_list":["post-52966","post","type-post","status-publish","format-standard","has-post-thumbnail","hentry","category-destaque","category-sexualidade-e-comportamento"],"_links":{"self":[{"href":"https:\/\/portalmidia.net\/index.php\/wp-json\/wp\/v2\/posts\/52966","targetHints":{"allow":["GET"]}}],"collection":[{"href":"https:\/\/portalmidia.net\/index.php\/wp-json\/wp\/v2\/posts"}],"about":[{"href":"https:\/\/portalmidia.net\/index.php\/wp-json\/wp\/v2\/types\/post"}],"author":[{"embeddable":true,"href":"https:\/\/portalmidia.net\/index.php\/wp-json\/wp\/v2\/users\/5"}],"replies":[{"embeddable":true,"href":"https:\/\/portalmidia.net\/index.php\/wp-json\/wp\/v2\/comments?post=52966"}],"version-history":[{"count":5,"href":"https:\/\/portalmidia.net\/index.php\/wp-json\/wp\/v2\/posts\/52966\/revisions"}],"predecessor-version":[{"id":52972,"href":"https:\/\/portalmidia.net\/index.php\/wp-json\/wp\/v2\/posts\/52966\/revisions\/52972"}],"wp:featuredmedia":[{"embeddable":true,"href":"https:\/\/portalmidia.net\/index.php\/wp-json\/wp\/v2\/media\/52968"}],"wp:attachment":[{"href":"https:\/\/portalmidia.net\/index.php\/wp-json\/wp\/v2\/media?parent=52966"}],"wp:term":[{"taxonomy":"category","embeddable":true,"href":"https:\/\/portalmidia.net\/index.php\/wp-json\/wp\/v2\/categories?post=52966"},{"taxonomy":"post_tag","embeddable":true,"href":"https:\/\/portalmidia.net\/index.php\/wp-json\/wp\/v2\/tags?post=52966"}],"curies":[{"name":"wp","href":"https:\/\/api.w.org\/{rel}","templated":true}]}}