 {"id":52973,"date":"2025-06-24T06:27:54","date_gmt":"2025-06-24T09:27:54","guid":{"rendered":"https:\/\/portalmidia.net\/?p=52973"},"modified":"2025-06-24T06:35:57","modified_gmt":"2025-06-24T09:35:57","slug":"acidente-com-uma-motocicleta-e-uma-caminhonete-deixa-vitima-fatal-entre-guarabira-e-mari","status":"publish","type":"post","link":"https:\/\/portalmidia.net\/index.php\/2025\/06\/24\/acidente-com-uma-motocicleta-e-uma-caminhonete-deixa-vitima-fatal-entre-guarabira-e-mari\/","title":{"rendered":"Acidente com uma motocicleta e uma caminhonete deixa v\u00edtima fatal entre Guarabira e Mar\u00ed"},"content":{"rendered":"<p>Uma motocicleta e uma caminhonete Hilux se envolveram em um acidente por volta das 18:50h desta segunda-feira (23), na PB-073 trecho que liga as cidades de Mar\u00ed e Guarabira.<\/p>\n<p>Na colis\u00e3o entre os dois ve\u00edculos um homem morreu. A v\u00edtima fatal foi identificada pelo nome de Willian, que estava na garupa da motocicleta conduzida por outro homem identificado como Z\u00e9 Biba. Ambos s\u00e3o de Mar\u00ed.<\/p>\n<figure id=\"attachment_52977\" aria-describedby=\"caption-attachment-52977\" style=\"width: 600px\" class=\"wp-caption alignnone\"><img fetchpriority=\"high\" decoding=\"async\" class=\"wp-image-52977 size-large\" src=\"https:\/\/portalmidia.net\/wp-content\/uploads\/2025\/06\/089b3122-b38e-46bd-ba28-c79cef7d1004-600x593.jpeg\" alt=\"Willian - v\u00edtima fatal\" width=\"600\" height=\"593\" srcset=\"https:\/\/portalmidia.net\/wp-content\/uploads\/2025\/06\/089b3122-b38e-46bd-ba28-c79cef7d1004-600x593.jpeg 600w, https:\/\/portalmidia.net\/wp-content\/uploads\/2025\/06\/089b3122-b38e-46bd-ba28-c79cef7d1004-300x296.jpeg 300w, https:\/\/portalmidia.net\/wp-content\/uploads\/2025\/06\/089b3122-b38e-46bd-ba28-c79cef7d1004-768x759.jpeg 768w, https:\/\/portalmidia.net\/wp-content\/uploads\/2025\/06\/089b3122-b38e-46bd-ba28-c79cef7d1004.jpeg 937w\" sizes=\"(max-width: 600px) 100vw, 600px\" \/><figcaption id=\"caption-attachment-52977\" class=\"wp-caption-text\">Willian &#8211; v\u00edtima fatal<\/figcaption><\/figure>\n<p><strong>Clique no link e veja as imagens<\/strong><\/p>\n<p><a href=\"https:\/\/www.instagram.com\/reel\/DLRQUYEMQDl\/?igsh=Z3czbW5qODJsNTBm\">https:\/\/www.instagram.com\/reel\/DLRQUYEMQDl\/?igsh=Z3czbW5qODJsNTBm<\/a><\/p>\n","protected":false},"excerpt":{"rendered":"<p>Uma motocicleta e uma caminhonete Hilux se envolveram em um acidente por volta das 18:50h desta segunda-feira (23), na PB-073 trecho que liga as cidades de Mar\u00ed e Guarabira. Na colis\u00e3o entre os dois ve\u00edculos um homem morreu. A v\u00edtima fatal foi identificada pelo nome de Willian, que estava na garupa da motocicleta conduzida por<\/p>\n","protected":false},"author":5,"featured_media":52976,"comment_status":"open","ping_status":"open","sticky":false,"template":"","format":"standard","meta":{"_eb_attr":"","footnotes":""},"categories":[2],"tags":[],"class_list":["post-52973","post","type-post","status-publish","format-standard","has-post-thumbnail","hentry","category-policial"],"_links":{"self":[{"href":"https:\/\/portalmidia.net\/index.php\/wp-json\/wp\/v2\/posts\/52973","targetHints":{"allow":["GET"]}}],"collection":[{"href":"https:\/\/portalmidia.net\/index.php\/wp-json\/wp\/v2\/posts"}],"about":[{"href":"https:\/\/portalmidia.net\/index.php\/wp-json\/wp\/v2\/types\/post"}],"author":[{"embeddable":true,"href":"https:\/\/portalmidia.net\/index.php\/wp-json\/wp\/v2\/users\/5"}],"replies":[{"embeddable":true,"href":"https:\/\/portalmidia.net\/index.php\/wp-json\/wp\/v2\/comments?post=52973"}],"version-history":[{"count":4,"href":"https:\/\/portalmidia.net\/index.php\/wp-json\/wp\/v2\/posts\/52973\/revisions"}],"predecessor-version":[{"id":52979,"href":"https:\/\/portalmidia.net\/index.php\/wp-json\/wp\/v2\/posts\/52973\/revisions\/52979"}],"wp:featuredmedia":[{"embeddable":true,"href":"https:\/\/portalmidia.net\/index.php\/wp-json\/wp\/v2\/media\/52976"}],"wp:attachment":[{"href":"https:\/\/portalmidia.net\/index.php\/wp-json\/wp\/v2\/media?parent=52973"}],"wp:term":[{"taxonomy":"category","embeddable":true,"href":"https:\/\/portalmidia.net\/index.php\/wp-json\/wp\/v2\/categories?post=52973"},{"taxonomy":"post_tag","embeddable":true,"href":"https:\/\/portalmidia.net\/index.php\/wp-json\/wp\/v2\/tags?post=52973"}],"curies":[{"name":"wp","href":"https:\/\/api.w.org\/{rel}","templated":true}]}}