 {"id":53270,"date":"2025-06-30T11:45:14","date_gmt":"2025-06-30T14:45:14","guid":{"rendered":"https:\/\/portalmidia.net\/?p=53270"},"modified":"2025-06-30T11:45:14","modified_gmt":"2025-06-30T14:45:14","slug":"oposicao-de-guarabira-estreia-programa-de-radio-com-presenca-de-tiberio-limeira","status":"publish","type":"post","link":"https:\/\/portalmidia.net\/index.php\/2025\/06\/30\/oposicao-de-guarabira-estreia-programa-de-radio-com-presenca-de-tiberio-limeira\/","title":{"rendered":"Oposi\u00e7\u00e3o de Guarabira estreia programa de r\u00e1dio com presen\u00e7a de Tib\u00e9rio Limeira"},"content":{"rendered":"<p>A cidade de Guarabira ganhar\u00e1 um novo espa\u00e7o de debate e informa\u00e7\u00e3o no r\u00e1dio. Estreia nesta quarta-feira (2), \u00e0s 11h, o programa \u201cFala Povo \u2013 A Voz da Oposi\u00e7\u00e3o de Guarabira\u201d, pela R\u00e1dio Guarabira FM 90,7. A atra\u00e7\u00e3o ser\u00e1 veiculada semanalmente, sempre com foco nos assuntos de interesse da popula\u00e7\u00e3o e com espa\u00e7o para a voz daqueles que fazem oposi\u00e7\u00e3o no cen\u00e1rio pol\u00edtico local.<\/p>\n<p>Para marcar a estreia, o programa contar\u00e1 com a presen\u00e7a especial do Secret\u00e1rio de Administra\u00e7\u00e3o da Para\u00edba, Tib\u00e9rio Limeira (PSB), que tamb\u00e9m \u00e9 pr\u00e9-candidato a deputado estadual nas elei\u00e7\u00f5es de 2026. Conhecido por sua atua\u00e7\u00e3o ativa na pol\u00edtica paraibana, Tib\u00e9rio trar\u00e1 \u00e0 discuss\u00e3o temas relevantes sobre a gest\u00e3o estadual e os desafios do desenvolvimento regional.<\/p>\n<p>O lan\u00e7amento do programa de r\u00e1dio foi destacado como uma iniciativa para consolidar o di\u00e1logo com a popula\u00e7\u00e3o e fortalecer o nome de Tib\u00e9rio como op\u00e7\u00e3o vi\u00e1vel e comprometida com o desenvolvimento da cidade e da regi\u00e3o. Ele que tem o apoio dos vereadores Nal Fernandes, Ramon Menezes, Renato Meireles e Neide de Teot\u00f4nio, dos ex-vereadores Bica, Beto Meireles, Josa da Padaria e Z\u00e9 do Empenho, al\u00e9m do presidente municipal do PSB, Doutor Wellington Oliveira, do advogado Teot\u00f4nio Assun\u00e7\u00e3o, de Carlos Eduardo, gerente da 2\u00aa Regional de Educa\u00e7\u00e3o, e de Ivonaldo Costa, diretor da Rodovi\u00e1ria Estadual de Guarabira.<\/p>\n","protected":false},"excerpt":{"rendered":"<p>A cidade de Guarabira ganhar\u00e1 um novo espa\u00e7o de debate e informa\u00e7\u00e3o no r\u00e1dio. Estreia nesta quarta-feira (2), \u00e0s 11h, o programa \u201cFala Povo \u2013 A Voz da Oposi\u00e7\u00e3o de Guarabira\u201d, pela R\u00e1dio Guarabira FM 90,7. A atra\u00e7\u00e3o ser\u00e1 veiculada semanalmente, sempre com foco nos assuntos de interesse da popula\u00e7\u00e3o e com espa\u00e7o para a<\/p>\n","protected":false},"author":5,"featured_media":53271,"comment_status":"open","ping_status":"open","sticky":false,"template":"","format":"standard","meta":{"_eb_attr":"","footnotes":""},"categories":[3],"tags":[],"class_list":["post-53270","post","type-post","status-publish","format-standard","has-post-thumbnail","hentry","category-politica"],"_links":{"self":[{"href":"https:\/\/portalmidia.net\/index.php\/wp-json\/wp\/v2\/posts\/53270","targetHints":{"allow":["GET"]}}],"collection":[{"href":"https:\/\/portalmidia.net\/index.php\/wp-json\/wp\/v2\/posts"}],"about":[{"href":"https:\/\/portalmidia.net\/index.php\/wp-json\/wp\/v2\/types\/post"}],"author":[{"embeddable":true,"href":"https:\/\/portalmidia.net\/index.php\/wp-json\/wp\/v2\/users\/5"}],"replies":[{"embeddable":true,"href":"https:\/\/portalmidia.net\/index.php\/wp-json\/wp\/v2\/comments?post=53270"}],"version-history":[{"count":1,"href":"https:\/\/portalmidia.net\/index.php\/wp-json\/wp\/v2\/posts\/53270\/revisions"}],"predecessor-version":[{"id":53272,"href":"https:\/\/portalmidia.net\/index.php\/wp-json\/wp\/v2\/posts\/53270\/revisions\/53272"}],"wp:featuredmedia":[{"embeddable":true,"href":"https:\/\/portalmidia.net\/index.php\/wp-json\/wp\/v2\/media\/53271"}],"wp:attachment":[{"href":"https:\/\/portalmidia.net\/index.php\/wp-json\/wp\/v2\/media?parent=53270"}],"wp:term":[{"taxonomy":"category","embeddable":true,"href":"https:\/\/portalmidia.net\/index.php\/wp-json\/wp\/v2\/categories?post=53270"},{"taxonomy":"post_tag","embeddable":true,"href":"https:\/\/portalmidia.net\/index.php\/wp-json\/wp\/v2\/tags?post=53270"}],"curies":[{"name":"wp","href":"https:\/\/api.w.org\/{rel}","templated":true}]}}